{"id":14762,"date":"2024-07-19T11:03:40","date_gmt":"2024-07-19T16:03:40","guid":{"rendered":"https:\/\/zaracaytv.com\/?p=14762"},"modified":"2024-07-19T11:03:40","modified_gmt":"2024-07-19T16:03:40","slug":"las-volquetas-del-municipio-de-santo-domingo-son-usadas-para-trabajos-particulares","status":"publish","type":"post","link":"https:\/\/zaracaytv.com\/?p=14762","title":{"rendered":"LAS VOLQUETAS DEL MUNICIPIO DE SANTO DOMINGO SON USADAS PARA TRABAJOS PARTICULARES"},"content":{"rendered":"<body><p><\/p><img loading=\"lazy\" decoding=\"async\" class=\"size-medium wp-image-14763 alignleft\" src=\"https:\/\/zaracaytv.com\/wp-content\/uploads\/2024\/07\/dafsd-300x160.png\" alt=\"\" width=\"300\" height=\"160\" loading=\"lazy\" srcset=\"https:\/\/zaracaytv.com\/wp-content\/uploads\/2024\/07\/dafsd-300x160.png 300w, https:\/\/zaracaytv.com\/wp-content\/uploads\/2024\/07\/dafsd-1024x545.png 1024w, https:\/\/zaracaytv.com\/wp-content\/uploads\/2024\/07\/dafsd-768x409.png 768w, https:\/\/zaracaytv.com\/wp-content\/uploads\/2024\/07\/dafsd-570x304.png 570w, https:\/\/zaracaytv.com\/wp-content\/uploads\/2024\/07\/dafsd-270x144.png 270w, https:\/\/zaracaytv.com\/wp-content\/uploads\/2024\/07\/dafsd.png 1273w\" sizes=\"auto, (max-width: 300px) 100vw, 300px\" \/>La corporaci\u00f3n Ts\u00e1chila de Volqueteros y Agregados denuncian que las volquetas de la Municipalidad de Santo Domingo son utilizadas para trabajos privados. Ellos han encontrado este tipo de veh\u00edculos realizando fletes fuera de su ruta autorizada, as\u00ed lo demuestran estas im\u00e1genes captadas en este v\u00eddeo, donde incluso uno de estos automotores qued\u00f3 atrapado cuando transportaba material, explic\u00f3 Nelson Pacheco, presidente del gremio, quien agreg\u00f3 que ya han denunciado esta situaci\u00f3n.\n<p>Seg\u00fan mencion\u00f3 Edwin Proa\u00f1o, director de Obras P\u00fablicas de la Municipalidad de Santo Domingo, recibieron la denuncia sobre este problema y al trasladarse hasta el sitio identificaron que el veh\u00edculo era del municipio. Por lo cual se levant\u00f3 un informe para que se tomen correctivos y se sancione al implicado.<\/p>\n<p>Esta ser\u00eda la cuarta vez que ocurre esta situaci\u00f3n. Problema que se les ha salido de las manos a la direcci\u00f3n de Obras P\u00fablicas. Sin embargo, por el amparo de las leyes a los trabajadores, estas personas no han podido ser separadas de la instituci\u00f3n, y solo han sido reubicadas en otros puestos con la respectiva multa econ\u00f3mica, enfatiz\u00f3 Proa\u00f1o.<\/p>\n<p>Esta situaci\u00f3n ha repercutido que este gremio no tenga trabajo. Explican que desde que se adquirieron las volquetas municipales la demanda del sector privado en esta actividad econ\u00f3mica baj\u00f3 hasta en un 80%.<\/p>\n<p>El gremio tambi\u00e9n solicita a la Municipalidad de Santo Domingo que realice los controles necesarios, pues varios propietarios de maquinarias no est\u00e1n cumpliendo en quedarse en la Plaza de Trabajo y Parqueadero del Transporte Pesado ubicada entre la avenida Los Colonos y la calle Jos\u00e9 Cortez, donde se los asign\u00f3.<\/p>\n<p>\u00a0<\/p>\n<\/body>","protected":false},"excerpt":{"rendered":"<p>La corporaci\u00f3n Ts\u00e1chila de Volqueteros y Agregados denuncian que las volquetas de la Municipalidad de Santo Domingo son utilizadas para trabajos privados. Ellos han encontrado este tipo de veh\u00edculos realizando fletes fuera de su ruta autorizada, as\u00ed lo demuestran estas im\u00e1genes captadas en este v\u00eddeo, donde incluso uno de estos automotores qued\u00f3 atrapado cuando transportaba [&hellip;]<\/p>\n","protected":false},"author":4,"featured_media":14763,"comment_status":"closed","ping_status":"closed","sticky":false,"template":"","format":"standard","meta":{"om_disable_all_campaigns":false,"_joinchat":[],"footnotes":""},"categories":[31],"tags":[],"class_list":["post-14762","post","type-post","status-publish","format-standard","has-post-thumbnail","hentry","category-la-region"],"_links":{"self":[{"href":"https:\/\/zaracaytv.com\/index.php?rest_route=\/wp\/v2\/posts\/14762","targetHints":{"allow":["GET"]}}],"collection":[{"href":"https:\/\/zaracaytv.com\/index.php?rest_route=\/wp\/v2\/posts"}],"about":[{"href":"https:\/\/zaracaytv.com\/index.php?rest_route=\/wp\/v2\/types\/post"}],"author":[{"embeddable":true,"href":"https:\/\/zaracaytv.com\/index.php?rest_route=\/wp\/v2\/users\/4"}],"replies":[{"embeddable":true,"href":"https:\/\/zaracaytv.com\/index.php?rest_route=%2Fwp%2Fv2%2Fcomments&post=14762"}],"version-history":[{"count":1,"href":"https:\/\/zaracaytv.com\/index.php?rest_route=\/wp\/v2\/posts\/14762\/revisions"}],"predecessor-version":[{"id":14764,"href":"https:\/\/zaracaytv.com\/index.php?rest_route=\/wp\/v2\/posts\/14762\/revisions\/14764"}],"wp:featuredmedia":[{"embeddable":true,"href":"https:\/\/zaracaytv.com\/index.php?rest_route=\/wp\/v2\/media\/14763"}],"wp:attachment":[{"href":"https:\/\/zaracaytv.com\/index.php?rest_route=%2Fwp%2Fv2%2Fmedia&parent=14762"}],"wp:term":[{"taxonomy":"category","embeddable":true,"href":"https:\/\/zaracaytv.com\/index.php?rest_route=%2Fwp%2Fv2%2Fcategories&post=14762"},{"taxonomy":"post_tag","embeddable":true,"href":"https:\/\/zaracaytv.com\/index.php?rest_route=%2Fwp%2Fv2%2Ftags&post=14762"}],"curies":[{"name":"wp","href":"https:\/\/api.w.org\/{rel}","templated":true}]}}