{"id":14648,"date":"2024-07-16T11:20:01","date_gmt":"2024-07-16T16:20:01","guid":{"rendered":"https:\/\/zaracaytv.com\/?p=14648"},"modified":"2024-07-16T11:20:01","modified_gmt":"2024-07-16T16:20:01","slug":"desvinculacion-de-docente-perjudico-a-estudiantes-porque-no-hay-maestro","status":"publish","type":"post","link":"https:\/\/zaracaytv.com\/?p=14648","title":{"rendered":"DESVINCULACI\u00d3N DE DOCENTE PERJUDIC\u00d3 A ESTUDIANTES PORQUE NO HAY MAESTRO"},"content":{"rendered":"<body><p><\/p><img loading=\"lazy\" decoding=\"async\" class=\"size-medium wp-image-14649 alignleft\" src=\"https:\/\/zaracaytv.com\/wp-content\/uploads\/2024\/07\/DGSDGFS-300x162.png\" alt=\"\" width=\"300\" height=\"162\" loading=\"lazy\" srcset=\"https:\/\/zaracaytv.com\/wp-content\/uploads\/2024\/07\/DGSDGFS-300x162.png 300w, https:\/\/zaracaytv.com\/wp-content\/uploads\/2024\/07\/DGSDGFS-1024x553.png 1024w, https:\/\/zaracaytv.com\/wp-content\/uploads\/2024\/07\/DGSDGFS-768x415.png 768w, https:\/\/zaracaytv.com\/wp-content\/uploads\/2024\/07\/DGSDGFS-570x308.png 570w, https:\/\/zaracaytv.com\/wp-content\/uploads\/2024\/07\/DGSDGFS-270x146.png 270w, https:\/\/zaracaytv.com\/wp-content\/uploads\/2024\/07\/DGSDGFS.png 1364w\" sizes=\"auto, (max-width: 300px) 100vw, 300px\" \/>Hasta el Distrito 2 de Educaci\u00f3n llegaron varios padres de familia de inicial dos de la unidad educativa de Valle Hermoso para exigir que se reincorpore a una de las docentes que fue sacada de su cargo hace 2 semanas. Desde esta fecha ellos enfatizan que los 35 estudiantes de este grado no han recibido clases.\n<p>Marcelo Rivera, abogado de la docente afectada, explic\u00f3 que por tercera ocasi\u00f3n entreg\u00f3 un insisto para que se archive la denuncia y que su defendida retorne a las aulas. \u00c9l explic\u00f3 que tras un reporte del mal comportamiento de un estudiante, la educadora fue separada de la instituci\u00f3n de forma arbitraria. Desde mayo tienen esperando una respuesta que no llega.<\/p>\n<p>Este 15 de julio se present\u00f3 un nuevo documento, sin embargo este no fue recibido por ninguna autoridad del\u00a0 Distrito 2 de Educaci\u00f3n, les informaron que el director se hab\u00eda ido a almorzar.<\/p>\n<p>Hace poco los padres de familia afectados informaron que el distrito 2 de educaci\u00f3n aceptar\u00e1 la medida y que este mi\u00e9rcoles 17 de julio existe la posibilidad que la docente retorne a la instituci\u00f3n. En caso de no tener una respuesta favorable no descartan ir una comisi\u00f3n hasta la Zonal 4 y realizar un nuevo plant\u00f3n.<\/p>\n<\/body>","protected":false},"excerpt":{"rendered":"<p>Hasta el Distrito 2 de Educaci\u00f3n llegaron varios padres de familia de inicial dos de la unidad educativa de Valle Hermoso para exigir que se reincorpore a una de las docentes que fue sacada de su cargo hace 2 semanas. Desde esta fecha ellos enfatizan que los 35 estudiantes de este grado no han recibido [&hellip;]<\/p>\n","protected":false},"author":4,"featured_media":14649,"comment_status":"closed","ping_status":"closed","sticky":false,"template":"","format":"standard","meta":{"om_disable_all_campaigns":false,"_joinchat":[],"footnotes":""},"categories":[31],"tags":[],"class_list":["post-14648","post","type-post","status-publish","format-standard","has-post-thumbnail","hentry","category-la-region"],"_links":{"self":[{"href":"https:\/\/zaracaytv.com\/index.php?rest_route=\/wp\/v2\/posts\/14648","targetHints":{"allow":["GET"]}}],"collection":[{"href":"https:\/\/zaracaytv.com\/index.php?rest_route=\/wp\/v2\/posts"}],"about":[{"href":"https:\/\/zaracaytv.com\/index.php?rest_route=\/wp\/v2\/types\/post"}],"author":[{"embeddable":true,"href":"https:\/\/zaracaytv.com\/index.php?rest_route=\/wp\/v2\/users\/4"}],"replies":[{"embeddable":true,"href":"https:\/\/zaracaytv.com\/index.php?rest_route=%2Fwp%2Fv2%2Fcomments&post=14648"}],"version-history":[{"count":1,"href":"https:\/\/zaracaytv.com\/index.php?rest_route=\/wp\/v2\/posts\/14648\/revisions"}],"predecessor-version":[{"id":14650,"href":"https:\/\/zaracaytv.com\/index.php?rest_route=\/wp\/v2\/posts\/14648\/revisions\/14650"}],"wp:featuredmedia":[{"embeddable":true,"href":"https:\/\/zaracaytv.com\/index.php?rest_route=\/wp\/v2\/media\/14649"}],"wp:attachment":[{"href":"https:\/\/zaracaytv.com\/index.php?rest_route=%2Fwp%2Fv2%2Fmedia&parent=14648"}],"wp:term":[{"taxonomy":"category","embeddable":true,"href":"https:\/\/zaracaytv.com\/index.php?rest_route=%2Fwp%2Fv2%2Fcategories&post=14648"},{"taxonomy":"post_tag","embeddable":true,"href":"https:\/\/zaracaytv.com\/index.php?rest_route=%2Fwp%2Fv2%2Ftags&post=14648"}],"curies":[{"name":"wp","href":"https:\/\/api.w.org\/{rel}","templated":true}]}}