{"id":14645,"date":"2024-07-16T11:08:28","date_gmt":"2024-07-16T16:08:28","guid":{"rendered":"https:\/\/zaracaytv.com\/?p=14645"},"modified":"2024-07-16T11:08:28","modified_gmt":"2024-07-16T16:08:28","slug":"en-octubre-se-preve-que-se-entreguen-los-estudios-para-la-creacion-de-la-universidad-estatal-para-santo-domingo","status":"publish","type":"post","link":"https:\/\/zaracaytv.com\/?p=14645","title":{"rendered":"EN OCTUBRE SE PREV\u00c9 QUE SE ENTREGUEN LOS ESTUDIOS PARA LA CREACI\u00d3N DE LA UNIVERSIDAD ESTATAL PARA SANTO DOMINGO"},"content":{"rendered":"<body><p><\/p><img loading=\"lazy\" decoding=\"async\" class=\"size-medium wp-image-14646 alignleft\" src=\"https:\/\/zaracaytv.com\/wp-content\/uploads\/2024\/07\/TGHD-300x181.png\" alt=\"\" width=\"300\" height=\"181\" loading=\"lazy\" srcset=\"https:\/\/zaracaytv.com\/wp-content\/uploads\/2024\/07\/TGHD-300x181.png 300w, https:\/\/zaracaytv.com\/wp-content\/uploads\/2024\/07\/TGHD-1024x617.png 1024w, https:\/\/zaracaytv.com\/wp-content\/uploads\/2024\/07\/TGHD-768x463.png 768w, https:\/\/zaracaytv.com\/wp-content\/uploads\/2024\/07\/TGHD-548x330.png 548w, https:\/\/zaracaytv.com\/wp-content\/uploads\/2024\/07\/TGHD-270x163.png 270w, https:\/\/zaracaytv.com\/wp-content\/uploads\/2024\/07\/TGHD.png 1172w\" sizes=\"auto, (max-width: 300px) 100vw, 300px\" \/>A finales de octubre se prev\u00e9 que se entreguen los estudios para la creaci\u00f3n de la Universidad Estatal para Santo Domingo, as\u00ed lo dio a conocer la asamble\u00edsta de Santo Domingo de los Ts\u00e1chilas, Yadira Bayas la ma\u00f1ana de este 15 de julio. Indic\u00f3 que los mismos iniciaron en los meses de mayo y junio, los cuales tendr\u00e1n una duraci\u00f3n de 90 d\u00edas y 120 d\u00edas correspondientemente.\n<p>Aunque los legisladores mencionaron el pasado 9 de julio en la Asamblea Nacional que los estudios para la creaci\u00f3n de la Universidad Estatal de Santo Domingo no se ejecutar\u00edan dentro de los plazos establecidos, Pa\u00fal Tamayo, representante de la Secretar\u00eda Nacional de Educaci\u00f3n Superior Ciencia y Tecnolog\u00eda, indic\u00f3 que los plazos disminuyeron y los estudios ser\u00edan entregados al Legislativo a finales de octubre para su aprobaci\u00f3n correspondiente.<\/p>\n<p>La falta de una universidad p\u00fablica en Santo Domingo ha obligado que m\u00e1s de 8000 estudiantes que se encuentra matriculados en la Universidad Estatal de Milagro, se vean en la necesidad de viajar hacia esa ciudad para rendir los ex\u00e1menes finales, correspondientes al primer semestre del 2024, expres\u00f3 Julio C\u00e9sar Calero, concejal del cant\u00f3n.<\/p>\n<p>Aunque otros Asamble\u00edstas de la provincia de Santo Domingo de los Ts\u00e1chilas han manifestado que los 350 mil d\u00f3lares destinados para los estudios para la creaci\u00f3n de la universidad no son suficientes, tanto la Senescyt como la asamble\u00edsta Yadira Bayas aseguraron que s\u00ed alcanzar\u00edan para realizar los mismos.<\/p>\n<\/body>","protected":false},"excerpt":{"rendered":"<p>A finales de octubre se prev\u00e9 que se entreguen los estudios para la creaci\u00f3n de la Universidad Estatal para Santo Domingo, as\u00ed lo dio a conocer la asamble\u00edsta de Santo Domingo de los Ts\u00e1chilas, Yadira Bayas la ma\u00f1ana de este 15 de julio. Indic\u00f3 que los mismos iniciaron en los meses de mayo y junio, [&hellip;]<\/p>\n","protected":false},"author":4,"featured_media":14646,"comment_status":"closed","ping_status":"closed","sticky":false,"template":"","format":"standard","meta":{"om_disable_all_campaigns":false,"_joinchat":[],"footnotes":""},"categories":[31],"tags":[],"class_list":["post-14645","post","type-post","status-publish","format-standard","has-post-thumbnail","hentry","category-la-region"],"_links":{"self":[{"href":"https:\/\/zaracaytv.com\/index.php?rest_route=\/wp\/v2\/posts\/14645","targetHints":{"allow":["GET"]}}],"collection":[{"href":"https:\/\/zaracaytv.com\/index.php?rest_route=\/wp\/v2\/posts"}],"about":[{"href":"https:\/\/zaracaytv.com\/index.php?rest_route=\/wp\/v2\/types\/post"}],"author":[{"embeddable":true,"href":"https:\/\/zaracaytv.com\/index.php?rest_route=\/wp\/v2\/users\/4"}],"replies":[{"embeddable":true,"href":"https:\/\/zaracaytv.com\/index.php?rest_route=%2Fwp%2Fv2%2Fcomments&post=14645"}],"version-history":[{"count":1,"href":"https:\/\/zaracaytv.com\/index.php?rest_route=\/wp\/v2\/posts\/14645\/revisions"}],"predecessor-version":[{"id":14647,"href":"https:\/\/zaracaytv.com\/index.php?rest_route=\/wp\/v2\/posts\/14645\/revisions\/14647"}],"wp:featuredmedia":[{"embeddable":true,"href":"https:\/\/zaracaytv.com\/index.php?rest_route=\/wp\/v2\/media\/14646"}],"wp:attachment":[{"href":"https:\/\/zaracaytv.com\/index.php?rest_route=%2Fwp%2Fv2%2Fmedia&parent=14645"}],"wp:term":[{"taxonomy":"category","embeddable":true,"href":"https:\/\/zaracaytv.com\/index.php?rest_route=%2Fwp%2Fv2%2Fcategories&post=14645"},{"taxonomy":"post_tag","embeddable":true,"href":"https:\/\/zaracaytv.com\/index.php?rest_route=%2Fwp%2Fv2%2Ftags&post=14645"}],"curies":[{"name":"wp","href":"https:\/\/api.w.org\/{rel}","templated":true}]}}