{"id":14643,"date":"2024-07-16T10:46:24","date_gmt":"2024-07-16T15:46:24","guid":{"rendered":"https:\/\/zaracaytv.com\/?p=14643"},"modified":"2024-07-16T10:46:24","modified_gmt":"2024-07-16T15:46:24","slug":"la-camara-de-transporte-de-carga-pesada-de-santo-domingo-de-los-tsachilas-aplazo-las-paralizaciones","status":"publish","type":"post","link":"https:\/\/zaracaytv.com\/?p=14643","title":{"rendered":"LA C\u00c1MARA DE TRANSPORTE DE CARGA PESADA DE SANTO DOMINGO DE LOS TS\u00c1CHILAS APLAZ\u00d3 LAS PARALIZACIONES"},"content":{"rendered":"<body><p><\/p><span style=\"font-weight: 400;\"><img loading=\"lazy\" decoding=\"async\" class=\"size-medium wp-image-14629 alignleft\" src=\"https:\/\/zaracaytv.com\/wp-content\/uploads\/2024\/07\/SFRGS-300x168.png\" alt=\"\" width=\"300\" height=\"168\" loading=\"lazy\" srcset=\"https:\/\/zaracaytv.com\/wp-content\/uploads\/2024\/07\/SFRGS-300x168.png 300w, https:\/\/zaracaytv.com\/wp-content\/uploads\/2024\/07\/SFRGS-1024x574.png 1024w, https:\/\/zaracaytv.com\/wp-content\/uploads\/2024\/07\/SFRGS-768x430.png 768w, https:\/\/zaracaytv.com\/wp-content\/uploads\/2024\/07\/SFRGS-570x319.png 570w, https:\/\/zaracaytv.com\/wp-content\/uploads\/2024\/07\/SFRGS-270x151.png 270w, https:\/\/zaracaytv.com\/wp-content\/uploads\/2024\/07\/SFRGS.png 1331w\" sizes=\"auto, (max-width: 300px) 100vw, 300px\" \/>Para el pr\u00f3ximo lunes, 22 de julio se aplaz\u00f3 la paralizaci\u00f3n de motores de los transportistas de carga pesada en Santo Domingo de los Ts\u00e1chilas. La directiva de la C\u00e1mara Provincial de Transporte Pesado adopt\u00f3 esta medida luego de conocer que la Fenacotip se ech\u00f3 para atr\u00e1s. No obstante, solicitan la eliminaci\u00f3n temporal de radares por la inseguridad y la militarizaci\u00f3n de la v\u00edas.\u00a0<\/span>\n<p><span style=\"font-weight: 400;\">La focalizaci\u00f3n de combustibles es una de las opciones que busca el gremio de transportistas. Por est\u00e1 raz\u00f3n se hizo llegar a los asamble\u00edstas un proyecto que se realiz\u00f3 en Santo Domingo en el a\u00f1o 2023, el cual pretende garantizar la distribuci\u00f3n de los recursos del Estado en el transporte formal, sectores m\u00e1s vulnerables y productivos.\u00a0<\/span><\/p>\n<p><span style=\"font-weight: 400;\">Los transportistas pidieron adem\u00e1s\u00a0 una reuni\u00f3n urgente en Santo Domingo con el Presidente de la<\/span> <span style=\"font-weight: 400;\">Rep\u00fablica<\/span> <span style=\"font-weight: 400;\">para exponer estos problemas, y solicitan al Ministro de Transporte y Obras P\u00fablicas plantear un piso tarifario con el objetivo de que se establezcan los precios del traslado de cada veh\u00edculo de carga pesada dentro del pa\u00eds.<\/span><\/p>\n<p><span style=\"font-weight: 400;\">\u00a0Por otro lado, quienes conforman el Frente Hombre Cami\u00f3n expresaron que desde este 15 de julio portar\u00e1n banderas negras en forma de solidaridad por los compa\u00f1eros que han sido asesinados en las v\u00edas. En los pr\u00f3ximos d\u00edas se realizar\u00e1 una caravana con esta misma tem\u00e1tica en la ciudad de Quito partiendo desde la ruta Sim\u00f3n Bol\u00edvar.<\/span><\/p>\n<p>\u00a0<\/p>\n<\/body>","protected":false},"excerpt":{"rendered":"<p>Para el pr\u00f3ximo lunes, 22 de julio se aplaz\u00f3 la paralizaci\u00f3n de motores de los transportistas de carga pesada en Santo Domingo de los Ts\u00e1chilas. La directiva de la C\u00e1mara Provincial de Transporte Pesado adopt\u00f3 esta medida luego de conocer que la Fenacotip se ech\u00f3 para atr\u00e1s. No obstante, solicitan la eliminaci\u00f3n temporal de radares [&hellip;]<\/p>\n","protected":false},"author":4,"featured_media":14629,"comment_status":"closed","ping_status":"closed","sticky":false,"template":"","format":"standard","meta":{"om_disable_all_campaigns":false,"_joinchat":[],"footnotes":""},"categories":[31],"tags":[],"class_list":["post-14643","post","type-post","status-publish","format-standard","has-post-thumbnail","hentry","category-la-region"],"_links":{"self":[{"href":"https:\/\/zaracaytv.com\/index.php?rest_route=\/wp\/v2\/posts\/14643","targetHints":{"allow":["GET"]}}],"collection":[{"href":"https:\/\/zaracaytv.com\/index.php?rest_route=\/wp\/v2\/posts"}],"about":[{"href":"https:\/\/zaracaytv.com\/index.php?rest_route=\/wp\/v2\/types\/post"}],"author":[{"embeddable":true,"href":"https:\/\/zaracaytv.com\/index.php?rest_route=\/wp\/v2\/users\/4"}],"replies":[{"embeddable":true,"href":"https:\/\/zaracaytv.com\/index.php?rest_route=%2Fwp%2Fv2%2Fcomments&post=14643"}],"version-history":[{"count":1,"href":"https:\/\/zaracaytv.com\/index.php?rest_route=\/wp\/v2\/posts\/14643\/revisions"}],"predecessor-version":[{"id":14644,"href":"https:\/\/zaracaytv.com\/index.php?rest_route=\/wp\/v2\/posts\/14643\/revisions\/14644"}],"wp:featuredmedia":[{"embeddable":true,"href":"https:\/\/zaracaytv.com\/index.php?rest_route=\/wp\/v2\/media\/14629"}],"wp:attachment":[{"href":"https:\/\/zaracaytv.com\/index.php?rest_route=%2Fwp%2Fv2%2Fmedia&parent=14643"}],"wp:term":[{"taxonomy":"category","embeddable":true,"href":"https:\/\/zaracaytv.com\/index.php?rest_route=%2Fwp%2Fv2%2Fcategories&post=14643"},{"taxonomy":"post_tag","embeddable":true,"href":"https:\/\/zaracaytv.com\/index.php?rest_route=%2Fwp%2Fv2%2Ftags&post=14643"}],"curies":[{"name":"wp","href":"https:\/\/api.w.org\/{rel}","templated":true}]}}