{"id":13876,"date":"2024-06-07T10:26:51","date_gmt":"2024-06-07T15:26:51","guid":{"rendered":"https:\/\/zaracaytv.com\/?p=13876"},"modified":"2024-06-07T10:26:51","modified_gmt":"2024-06-07T15:26:51","slug":"desacuerdos-por-nueva-ordenanza-planteada-por-la-prefectura","status":"publish","type":"post","link":"https:\/\/zaracaytv.com\/?p=13876","title":{"rendered":"DESACUERDOS POR NUEVA ORDENANZA PLANTEADA POR LA PREFECTURA"},"content":{"rendered":"<body><p><\/p><span style=\"font-weight: 400;\"><img loading=\"lazy\" decoding=\"async\" class=\"size-medium wp-image-13877 alignleft\" src=\"https:\/\/zaracaytv.com\/wp-content\/uploads\/2024\/06\/af-300x169.png\" alt=\"\" width=\"300\" height=\"169\" loading=\"lazy\" srcset=\"https:\/\/zaracaytv.com\/wp-content\/uploads\/2024\/06\/af-300x169.png 300w, https:\/\/zaracaytv.com\/wp-content\/uploads\/2024\/06\/af-1024x577.png 1024w, https:\/\/zaracaytv.com\/wp-content\/uploads\/2024\/06\/af-768x433.png 768w, https:\/\/zaracaytv.com\/wp-content\/uploads\/2024\/06\/af-570x321.png 570w, https:\/\/zaracaytv.com\/wp-content\/uploads\/2024\/06\/af-270x152.png 270w, https:\/\/zaracaytv.com\/wp-content\/uploads\/2024\/06\/af.png 1302w\" sizes=\"auto, (max-width: 300px) 100vw, 300px\" \/>Los 9700 conductores que conforman la c\u00e1mara de Transportistas de Carga Pesada de Santo Domingo de los Ts\u00e1chilas se oponen a que se apruebe el proyecto de Ordenanza que pretende regular el peso de carga de esta modalidad de transporte en las v\u00edas estatales y rurales de Santo Domingo de los Ts\u00e1chilas, expres\u00f3 Mauricio Benavides, dirigente de este gremio, quien recalc\u00f3 que el Ministerio de Transporte y Obras P\u00fablicas ya fij\u00f3 el peso m\u00e1ximo con el que pueden circular los automotores, el cual corresponde a 3.5 toneladas.\u00a0<\/span>\n<p><span style=\"font-weight: 400;\">En 15 d\u00edas se conocer\u00e1 si el proyecto ser\u00e1 aprobado o no por la C\u00e1mara Legislativa del Gad Provincial. William L\u00f3pez, asesor legal de la Prefectura, indic\u00f3 que est\u00e1n a punto de culminar la socializaci\u00f3n con los dirigentes de este gremio en la provincia y que la semana entrante lo har\u00e1n con los que representan a este sector a escala nacional; una vez finalizado el di\u00e1logo pondr\u00e1n el proyecto a votaci\u00f3n.\u00a0<\/span><\/p>\n<p><span style=\"font-weight: 400;\">Benavides considera que esta ordenanza a m\u00e1s de ser sancionatoria representa para ellos un impuesto m\u00e1s, ya que el peso lo dispone, en muchas ocasiones, el generador de la carga y tambi\u00e9n cree que las autoridades no evaluaron las dificultades y necesidades que tiene este sector, pues consideran que las carreteras no est\u00e1n en \u00f3ptimas condiciones.\u00a0\u00a0\u00a0<\/span><\/p>\n<p><span style=\"font-weight: 400;\">A lo que L\u00f3pez aleg\u00f3 que no se trata de una impuesto, sino una medida de reducci\u00f3n de costos que han planteado por los m\u00faltiples gastos que les implica arreglar las v\u00edas, pues consideran que el transporte pesado ser\u00eda quienes m\u00e1s desgastan la carpeta asf\u00e1ltica.\u00a0<\/span><\/p>\n<p><span style=\"font-weight: 400;\">Los dirigentes del transporte pesado de la provincia elaboraron un informe t\u00e9cnico sobre la propuesta de ordenanza que se pretende instaurar, con la finalidad de analizarlo esta semana\u00a0 con la Prefecta de la provincia, pero se les notific\u00f3 que la autoridad se encuentra fuera del pa\u00eds y retornar\u00e1 en 8 d\u00edas, lo <\/span><b>cual<\/b><span style=\"font-weight: 400;\"> representa m\u00e1s de la mitad del tiempo para que la ordenanza sea aprobada.\u00a0\u00a0<\/span><\/p>\n<\/body>","protected":false},"excerpt":{"rendered":"<p>Los 9700 conductores que conforman la c\u00e1mara de Transportistas de Carga Pesada de Santo Domingo de los Ts\u00e1chilas se oponen a que se apruebe el proyecto de Ordenanza que pretende regular el peso de carga de esta modalidad de transporte en las v\u00edas estatales y rurales de Santo Domingo de los Ts\u00e1chilas, expres\u00f3 Mauricio Benavides, [&hellip;]<\/p>\n","protected":false},"author":4,"featured_media":13877,"comment_status":"closed","ping_status":"closed","sticky":false,"template":"","format":"standard","meta":{"om_disable_all_campaigns":false,"_joinchat":[],"footnotes":""},"categories":[31],"tags":[],"class_list":["post-13876","post","type-post","status-publish","format-standard","has-post-thumbnail","hentry","category-la-region"],"_links":{"self":[{"href":"https:\/\/zaracaytv.com\/index.php?rest_route=\/wp\/v2\/posts\/13876","targetHints":{"allow":["GET"]}}],"collection":[{"href":"https:\/\/zaracaytv.com\/index.php?rest_route=\/wp\/v2\/posts"}],"about":[{"href":"https:\/\/zaracaytv.com\/index.php?rest_route=\/wp\/v2\/types\/post"}],"author":[{"embeddable":true,"href":"https:\/\/zaracaytv.com\/index.php?rest_route=\/wp\/v2\/users\/4"}],"replies":[{"embeddable":true,"href":"https:\/\/zaracaytv.com\/index.php?rest_route=%2Fwp%2Fv2%2Fcomments&post=13876"}],"version-history":[{"count":1,"href":"https:\/\/zaracaytv.com\/index.php?rest_route=\/wp\/v2\/posts\/13876\/revisions"}],"predecessor-version":[{"id":13878,"href":"https:\/\/zaracaytv.com\/index.php?rest_route=\/wp\/v2\/posts\/13876\/revisions\/13878"}],"wp:featuredmedia":[{"embeddable":true,"href":"https:\/\/zaracaytv.com\/index.php?rest_route=\/wp\/v2\/media\/13877"}],"wp:attachment":[{"href":"https:\/\/zaracaytv.com\/index.php?rest_route=%2Fwp%2Fv2%2Fmedia&parent=13876"}],"wp:term":[{"taxonomy":"category","embeddable":true,"href":"https:\/\/zaracaytv.com\/index.php?rest_route=%2Fwp%2Fv2%2Fcategories&post=13876"},{"taxonomy":"post_tag","embeddable":true,"href":"https:\/\/zaracaytv.com\/index.php?rest_route=%2Fwp%2Fv2%2Ftags&post=13876"}],"curies":[{"name":"wp","href":"https:\/\/api.w.org\/{rel}","templated":true}]}}