{"id":13869,"date":"2024-06-07T09:57:01","date_gmt":"2024-06-07T14:57:01","guid":{"rendered":"https:\/\/zaracaytv.com\/?p=13869"},"modified":"2024-06-07T09:57:01","modified_gmt":"2024-06-07T14:57:01","slug":"gobierno-veta-asignacion-directa-a-los-gobiernos-autonomos","status":"publish","type":"post","link":"https:\/\/zaracaytv.com\/?p=13869","title":{"rendered":"GOBIERNO VETA ASIGNACI\u00d3N DIRECTA A LOS GOBIERNOS AUT\u00d3NOMOS"},"content":{"rendered":"<body><p><\/p>El presidente Daniel Noboa vet\u00f3 la reforma para la asignaci\u00f3n oportuna de recursos a municipios y prefecturas, la cual fue aprobada el pasado 7 de mayo, con el objetivo de garantizar la acreditaci\u00f3n de las al\u00edcuotas. Lady Cede\u00f1o, vicepresidenta nacional de Conagopare, considera que esta situaci\u00f3n desestabiliza econ\u00f3micamente a todos los gobiernos aut\u00f3nomos descentralizados del pa\u00eds, ya que sin recursos no pueden continuar con sus proyectos y obras.\n<p>Cede\u00f1o exhort\u00f3 al presidente de la Rep\u00fablica que analice las acciones que ejecuta durante su gesti\u00f3n, pues desde su pers<img loading=\"lazy\" decoding=\"async\" class=\"size-medium wp-image-13871 alignleft\" src=\"https:\/\/zaracaytv.com\/wp-content\/uploads\/2024\/06\/G-UOL-1-300x199.png\" alt=\"\" width=\"300\" height=\"199\" loading=\"lazy\" srcset=\"https:\/\/zaracaytv.com\/wp-content\/uploads\/2024\/06\/G-UOL-1-300x199.png 300w, https:\/\/zaracaytv.com\/wp-content\/uploads\/2024\/06\/G-UOL-1-768x511.png 768w, https:\/\/zaracaytv.com\/wp-content\/uploads\/2024\/06\/G-UOL-1-496x330.png 496w, https:\/\/zaracaytv.com\/wp-content\/uploads\/2024\/06\/G-UOL-1-270x180.png 270w, https:\/\/zaracaytv.com\/wp-content\/uploads\/2024\/06\/G-UOL-1.png 931w\" sizes=\"auto, (max-width: 300px) 100vw, 300px\" \/>ectiva no se puede mezclar lo pol\u00edtico con el bienestar de la ciudadan\u00eda.<\/p>\n<p>Por su parte Carlos Landaheta, viceprefecto de Santo Domingo de los Ts\u00e1chilas, dio a conocer que el Gobierno les adeuda las al\u00edcuotas desde el mes de septiembre d1e 2023 hasta junio de 2024, considera que el pago de las mismas se ha convertido en un tema pol\u00edtico, en el que se ha tratado de castigar a ciertos gobiernos aut\u00f3nomos descentralizados y que con el veto a las reformas la crisis se agudizar\u00e1 a\u00fan m\u00e1s.<\/p>\n<p>La Asamblea Nacional podr\u00e1 debatir nuevamente este tema dentro de un a\u00f1o fiscal.<\/p>\n<\/body>","protected":false},"excerpt":{"rendered":"<p>El presidente Daniel Noboa vet\u00f3 la reforma para la asignaci\u00f3n oportuna de recursos a municipios y prefecturas, la cual fue aprobada el pasado 7 de mayo, con el objetivo de garantizar la acreditaci\u00f3n de las al\u00edcuotas. Lady Cede\u00f1o, vicepresidenta nacional de Conagopare, considera que esta situaci\u00f3n desestabiliza econ\u00f3micamente a todos los gobiernos aut\u00f3nomos descentralizados del [&hellip;]<\/p>\n","protected":false},"author":4,"featured_media":13871,"comment_status":"closed","ping_status":"closed","sticky":false,"template":"","format":"standard","meta":{"om_disable_all_campaigns":false,"_joinchat":[],"footnotes":""},"categories":[31],"tags":[],"class_list":["post-13869","post","type-post","status-publish","format-standard","has-post-thumbnail","hentry","category-la-region"],"_links":{"self":[{"href":"https:\/\/zaracaytv.com\/index.php?rest_route=\/wp\/v2\/posts\/13869","targetHints":{"allow":["GET"]}}],"collection":[{"href":"https:\/\/zaracaytv.com\/index.php?rest_route=\/wp\/v2\/posts"}],"about":[{"href":"https:\/\/zaracaytv.com\/index.php?rest_route=\/wp\/v2\/types\/post"}],"author":[{"embeddable":true,"href":"https:\/\/zaracaytv.com\/index.php?rest_route=\/wp\/v2\/users\/4"}],"replies":[{"embeddable":true,"href":"https:\/\/zaracaytv.com\/index.php?rest_route=%2Fwp%2Fv2%2Fcomments&post=13869"}],"version-history":[{"count":1,"href":"https:\/\/zaracaytv.com\/index.php?rest_route=\/wp\/v2\/posts\/13869\/revisions"}],"predecessor-version":[{"id":13872,"href":"https:\/\/zaracaytv.com\/index.php?rest_route=\/wp\/v2\/posts\/13869\/revisions\/13872"}],"wp:featuredmedia":[{"embeddable":true,"href":"https:\/\/zaracaytv.com\/index.php?rest_route=\/wp\/v2\/media\/13871"}],"wp:attachment":[{"href":"https:\/\/zaracaytv.com\/index.php?rest_route=%2Fwp%2Fv2%2Fmedia&parent=13869"}],"wp:term":[{"taxonomy":"category","embeddable":true,"href":"https:\/\/zaracaytv.com\/index.php?rest_route=%2Fwp%2Fv2%2Fcategories&post=13869"},{"taxonomy":"post_tag","embeddable":true,"href":"https:\/\/zaracaytv.com\/index.php?rest_route=%2Fwp%2Fv2%2Ftags&post=13869"}],"curies":[{"name":"wp","href":"https:\/\/api.w.org\/{rel}","templated":true}]}}