{"id":13837,"date":"2024-06-05T17:59:51","date_gmt":"2024-06-05T22:59:51","guid":{"rendered":"https:\/\/zaracaytv.com\/?p=13837"},"modified":"2024-06-05T17:59:51","modified_gmt":"2024-06-05T22:59:51","slug":"el-36-de-los-ninos-ecuatorianos-vive-en-hogares-pobres","status":"publish","type":"post","link":"https:\/\/zaracaytv.com\/?p=13837","title":{"rendered":"EL 36 % DE LOS NI\u00d1OS ECUATORIANOS VIVE EN HOGARES POBRES"},"content":{"rendered":"<body><p><\/p><img loading=\"lazy\" decoding=\"async\" class=\"size-medium wp-image-13838 alignleft\" src=\"https:\/\/zaracaytv.com\/wp-content\/uploads\/2024\/06\/5fe3de207c030-300x226.jpeg\" alt=\"\" width=\"300\" height=\"226\" loading=\"lazy\" srcset=\"https:\/\/zaracaytv.com\/wp-content\/uploads\/2024\/06\/5fe3de207c030-300x226.jpeg 300w, https:\/\/zaracaytv.com\/wp-content\/uploads\/2024\/06\/5fe3de207c030-768x578.jpeg 768w, https:\/\/zaracaytv.com\/wp-content\/uploads\/2024\/06\/5fe3de207c030-439x330.jpeg 439w, https:\/\/zaracaytv.com\/wp-content\/uploads\/2024\/06\/5fe3de207c030-239x180.jpeg 239w, https:\/\/zaracaytv.com\/wp-content\/uploads\/2024\/06\/5fe3de207c030.jpeg 988w\" sizes=\"auto, (max-width: 300px) 100vw, 300px\" \/>\n<p>El 36 % de los\u00a0ni\u00f1os en Ecuador vive en hogares pobres. As\u00ed lo revel\u00f3 un estudio desarrollado por\u00a025 organizaciones\u00a0no gubernamentales (ONG) relacionadas con la infancia, presentado el 4 de junio en Quito.<\/p>\n<p>El informe muestra que la\u00a0pobreza\u00a0tiene\u00a0consecuencias\u00a0en la infancia ecuatoriana como la\u00a0desnutrici\u00f3n, falta de acceso a la educaci\u00f3n, bajos cuidados de salud y una serie de\u00a0restricciones en sus proyectos\u00a0de vida a futuro.<\/p>\n<div class=\"paragraph\">\n<p>En el texto se remarc\u00f3 que esta situaci\u00f3n\u00a0se agrava\u00a0en\u00a0zonas rurales, d\u00f3nde la pobreza afecta a cerca del 43 % de los ni\u00f1os, y tambi\u00e9n en el caso de la\u00a0poblaci\u00f3n infantil ind\u00edgena, con el 61 %.<\/p>\n<\/div>\n<h4 class=\"h2-componente\">Ni\u00f1os y adolescentes en situaci\u00f3n de pobreza son m\u00e1s vulnerables a la presi\u00f3n de la delincuencia y crimen organizado<\/h4>\n<div class=\"paragraph\">\n<p>Para las ONG, uno de los principales\u00a0efectos de la pobreza\u00a0en la infancia es que vuelve a esta\u00a0poblaci\u00f3n vulnerable\u00a0ante la presi\u00f3n de la\u00a0delincuencia\u00a0y el\u00a0crimen organizado. Por ello, el informe destac\u00f3 el efecto que ha tenido la situaci\u00f3n de \u201cconflicto armado interno\u201d en la infancia pobre.<\/p>\n<p>Las organizaciones expresaron su preocupaci\u00f3n por el\u00a0incremento de la participaci\u00f3n\u00a0de ni\u00f1os y adolescentes en\u00a0actividades delictivas, as\u00ed como en el aumento de asesinatos de menores en las calles.<\/p>\n<div class=\"paragraph\">\n<p>Ver\u00f3nica P\u00f3lit, de la ONG Pacto por la Ni\u00f1ez y la Adolescencia, asegur\u00f3 que este tipo de crisis genera\u00a0responsabilidades para el Estado\u00a0y advirti\u00f3 de que la sociedad deber\u00eda dar soluciones para evitar la captaci\u00f3n y explotaci\u00f3n de los ni\u00f1os por parte de bandas del crimen organizado.<\/p>\n<\/div>\n<h4 class=\"h2-componente\">El empleo infantil aument\u00f3 en Ecuador<\/h4>\n<div class=\"paragraph\">\n<p>El informe tambi\u00e9n recoge datos sobre el\u00a0aumento\u00a0del\u00a0empleo infantil\u00a0en el pa\u00eds, ya que en 2022 el n\u00famero de ni\u00f1os que trabajaban era de 270 340, mientras que en la\u00a0actualidad\u00a0asciende a\u00a0370 000, lo que supone un aumento del 37 %.<\/p>\n<p>Asimismo, el informe observ\u00f3 las altas tasas de maltrato f\u00edsico y psicol\u00f3gico en la poblaci\u00f3n infantil, ya que entre 2018 y 2023 las denuncias por violencia sexual a ni\u00f1os y adolescentes sumaron 51 235.<\/p>\n<p>Tambi\u00e9n expresaron su malestar por el\u00a0alto nivel\u00a0de\u00a0impunidad\u00a0en torno a las denuncias de violencia, pues seg\u00fan advirtieron, ese indicador llega al 95 % y solo el 4,15 % de los casos acaban en una sentencia.<\/p>\n<\/div>\n<\/div>\n<p><\/p>\n<\/body>","protected":false},"excerpt":{"rendered":"<p>El 36 % de los\u00a0ni\u00f1os en Ecuador vive en hogares pobres. As\u00ed lo revel\u00f3 un estudio desarrollado por\u00a025 organizaciones\u00a0no gubernamentales (ONG) relacionadas con la infancia, presentado el 4 de junio en Quito. El informe muestra que la\u00a0pobreza\u00a0tiene\u00a0consecuencias\u00a0en la infancia ecuatoriana como la\u00a0desnutrici\u00f3n, falta de acceso a la educaci\u00f3n, bajos cuidados de salud y una serie [&hellip;]<\/p>\n","protected":false},"author":4,"featured_media":13838,"comment_status":"closed","ping_status":"closed","sticky":false,"template":"","format":"standard","meta":{"om_disable_all_campaigns":false,"_joinchat":[],"footnotes":""},"categories":[30],"tags":[],"class_list":["post-13837","post","type-post","status-publish","format-standard","has-post-thumbnail","hentry","category-el-pais"],"_links":{"self":[{"href":"https:\/\/zaracaytv.com\/index.php?rest_route=\/wp\/v2\/posts\/13837","targetHints":{"allow":["GET"]}}],"collection":[{"href":"https:\/\/zaracaytv.com\/index.php?rest_route=\/wp\/v2\/posts"}],"about":[{"href":"https:\/\/zaracaytv.com\/index.php?rest_route=\/wp\/v2\/types\/post"}],"author":[{"embeddable":true,"href":"https:\/\/zaracaytv.com\/index.php?rest_route=\/wp\/v2\/users\/4"}],"replies":[{"embeddable":true,"href":"https:\/\/zaracaytv.com\/index.php?rest_route=%2Fwp%2Fv2%2Fcomments&post=13837"}],"version-history":[{"count":1,"href":"https:\/\/zaracaytv.com\/index.php?rest_route=\/wp\/v2\/posts\/13837\/revisions"}],"predecessor-version":[{"id":13839,"href":"https:\/\/zaracaytv.com\/index.php?rest_route=\/wp\/v2\/posts\/13837\/revisions\/13839"}],"wp:featuredmedia":[{"embeddable":true,"href":"https:\/\/zaracaytv.com\/index.php?rest_route=\/wp\/v2\/media\/13838"}],"wp:attachment":[{"href":"https:\/\/zaracaytv.com\/index.php?rest_route=%2Fwp%2Fv2%2Fmedia&parent=13837"}],"wp:term":[{"taxonomy":"category","embeddable":true,"href":"https:\/\/zaracaytv.com\/index.php?rest_route=%2Fwp%2Fv2%2Fcategories&post=13837"},{"taxonomy":"post_tag","embeddable":true,"href":"https:\/\/zaracaytv.com\/index.php?rest_route=%2Fwp%2Fv2%2Ftags&post=13837"}],"curies":[{"name":"wp","href":"https:\/\/api.w.org\/{rel}","templated":true}]}}