{"id":13827,"date":"2024-06-05T16:48:19","date_gmt":"2024-06-05T21:48:19","guid":{"rendered":"https:\/\/zaracaytv.com\/?p=13827"},"modified":"2024-06-05T16:48:19","modified_gmt":"2024-06-05T21:48:19","slug":"via-las-mercedes-sera-intervenida-a-finales-de-junio","status":"publish","type":"post","link":"https:\/\/zaracaytv.com\/?p=13827","title":{"rendered":"V\u00cdA LAS MERCEDES SER\u00c1 INTERVENIDA A FINALES DE JUNIO"},"content":{"rendered":"<body><p><\/p><span style=\"font-weight: 400;\"><img loading=\"lazy\" decoding=\"async\" class=\"size-medium wp-image-13828 alignright\" src=\"https:\/\/zaracaytv.com\/wp-content\/uploads\/2024\/06\/OJB%C2%B4-300x162.png\" alt=\"\" width=\"300\" height=\"162\" loading=\"lazy\">Desde el 17 de junio en adelante se prev\u00e9 que inicien los trabajos de rebacheo en la v\u00eda Las Mercedes \u2013 Los Bancos. El director distrital del Ministerio de Transporte y Obras P\u00fablicas, \u00c1lvaro Mor\u00e1n, indic\u00f3 que ya contrat\u00f3 la empresa que ejecutar\u00e1 la obra en su primera fase y la adquisici\u00f3n de asfalto se realizar\u00e1 la segunda semana.<\/span>\n<p><span style=\"font-weight: 400;\">Paralelo a esto, el funcionario aclar\u00f3 que se est\u00e1 ejecutando una firma de convenio con la Municipalidad de Santo Domingo para que facilite la maquinaria que intervendr\u00e1 en el rebacheo de la v\u00eda.<\/span><\/p>\n<p><span style=\"font-weight: 400;\">\u201cEl presupuesto de $246 mil en su primera etapa no contempla el mantenimiento, ni el arreglo de varios viaductos a lo largo de los 36 kil\u00f3metros que son competencia del Ministerio de Transporte y Obras P\u00fablicas en la jurisdicci\u00f3n de la provincia\u201d<\/span><\/p>\n<p><span style=\"font-weight: 400;\">Los conductores que circulan por este punto exhortan a las autoridades a intervenir lo antes posible en este acceso. En varios sectores la carpeta asf\u00e1ltica ha desaparecido asemejando a un camino de tercer orden por el cual es complicado circular.<\/span><\/p>\n<p><span style=\"font-weight: 400;\">Las autoridades aclaran que antes del rebacheo se socializar\u00e1 con las diferentes comunidades a lo largo de la v\u00eda para intervenir en los puntos \u00e1lgidos.<\/span><\/p>\n<p>\u00a0<\/p>\n<\/body>","protected":false},"excerpt":{"rendered":"<p>Desde el 17 de junio en adelante se prev\u00e9 que inicien los trabajos de rebacheo en la v\u00eda Las Mercedes \u2013 Los Bancos. El director distrital del Ministerio de Transporte y Obras P\u00fablicas, \u00c1lvaro Mor\u00e1n, indic\u00f3 que ya contrat\u00f3 la empresa que ejecutar\u00e1 la obra en su primera fase y la adquisici\u00f3n de asfalto se [&hellip;]<\/p>\n","protected":false},"author":4,"featured_media":13828,"comment_status":"closed","ping_status":"closed","sticky":false,"template":"","format":"standard","meta":{"om_disable_all_campaigns":false,"_joinchat":[],"footnotes":""},"categories":[31],"tags":[],"class_list":["post-13827","post","type-post","status-publish","format-standard","has-post-thumbnail","hentry","category-la-region"],"_links":{"self":[{"href":"https:\/\/zaracaytv.com\/index.php?rest_route=\/wp\/v2\/posts\/13827","targetHints":{"allow":["GET"]}}],"collection":[{"href":"https:\/\/zaracaytv.com\/index.php?rest_route=\/wp\/v2\/posts"}],"about":[{"href":"https:\/\/zaracaytv.com\/index.php?rest_route=\/wp\/v2\/types\/post"}],"author":[{"embeddable":true,"href":"https:\/\/zaracaytv.com\/index.php?rest_route=\/wp\/v2\/users\/4"}],"replies":[{"embeddable":true,"href":"https:\/\/zaracaytv.com\/index.php?rest_route=%2Fwp%2Fv2%2Fcomments&post=13827"}],"version-history":[{"count":1,"href":"https:\/\/zaracaytv.com\/index.php?rest_route=\/wp\/v2\/posts\/13827\/revisions"}],"predecessor-version":[{"id":13829,"href":"https:\/\/zaracaytv.com\/index.php?rest_route=\/wp\/v2\/posts\/13827\/revisions\/13829"}],"wp:featuredmedia":[{"embeddable":true,"href":"https:\/\/zaracaytv.com\/index.php?rest_route=\/wp\/v2\/media\/13828"}],"wp:attachment":[{"href":"https:\/\/zaracaytv.com\/index.php?rest_route=%2Fwp%2Fv2%2Fmedia&parent=13827"}],"wp:term":[{"taxonomy":"category","embeddable":true,"href":"https:\/\/zaracaytv.com\/index.php?rest_route=%2Fwp%2Fv2%2Fcategories&post=13827"},{"taxonomy":"post_tag","embeddable":true,"href":"https:\/\/zaracaytv.com\/index.php?rest_route=%2Fwp%2Fv2%2Ftags&post=13827"}],"curies":[{"name":"wp","href":"https:\/\/api.w.org\/{rel}","templated":true}]}}