{"id":13808,"date":"2024-06-05T09:17:55","date_gmt":"2024-06-05T14:17:55","guid":{"rendered":"https:\/\/zaracaytv.com\/?p=13808"},"modified":"2024-06-05T09:17:55","modified_gmt":"2024-06-05T14:17:55","slug":"mas-de-un-millon-de-carros-particulares-perderian-subsidio-a-las-gasolinas-ecopais-y-extra","status":"publish","type":"post","link":"https:\/\/zaracaytv.com\/?p=13808","title":{"rendered":"M\u00c1S DE UN MILL\u00d3N DE CARROS PARTICULARES PERDER\u00cdAN SUBSIDIO A LAS GASOLINAS ECOPA\u00cdS Y EXTRA"},"content":{"rendered":"<body><p><\/p><img loading=\"lazy\" decoding=\"async\" class=\"size-medium wp-image-13809 alignleft\" src=\"https:\/\/zaracaytv.com\/wp-content\/uploads\/2024\/06\/gasolinera-petroecuador-san-jacinco-Los-Rios-subsidios-gasolina-300x168.jpg\" alt=\"\" width=\"300\" height=\"168\" loading=\"lazy\" srcset=\"https:\/\/zaracaytv.com\/wp-content\/uploads\/2024\/06\/gasolinera-petroecuador-san-jacinco-Los-Rios-subsidios-gasolina-300x168.jpg 300w, https:\/\/zaracaytv.com\/wp-content\/uploads\/2024\/06\/gasolinera-petroecuador-san-jacinco-Los-Rios-subsidios-gasolina-1024x574.jpg 1024w, https:\/\/zaracaytv.com\/wp-content\/uploads\/2024\/06\/gasolinera-petroecuador-san-jacinco-Los-Rios-subsidios-gasolina-768x430.jpg 768w, https:\/\/zaracaytv.com\/wp-content\/uploads\/2024\/06\/gasolinera-petroecuador-san-jacinco-Los-Rios-subsidios-gasolina-570x319.jpg 570w, https:\/\/zaracaytv.com\/wp-content\/uploads\/2024\/06\/gasolinera-petroecuador-san-jacinco-Los-Rios-subsidios-gasolina-270x151.jpg 270w, https:\/\/zaracaytv.com\/wp-content\/uploads\/2024\/06\/gasolinera-petroecuador-san-jacinco-Los-Rios-subsidios-gasolina.jpg 1160w\" sizes=\"auto, (max-width: 300px) 100vw, 300px\" \/>\n<p>El Gobierno de Daniel Noboa avanza en el plan de eliminaci\u00f3n de subsidios a la Extra y Ecopa\u00eds, que podr\u00eda dejarle ingresos por unos USD 630 millones al a\u00f1o, pero \u00bfcu\u00e1ntos carros utilizan estas gasolinas de bajo octanaje?<\/p>\n<p>La \u00faltima Estad\u00edstica de Transporte del Instituto de Estad\u00edsticas y Censos de 2022 da una idea del n\u00famero de carros que usan esta gasolina y cuyos due\u00f1os podr\u00edan quedarse sin subsidio.<\/p>\n<p>En Ecuador, hay 2,88 millones de veh\u00edculos de todo tipo matriculados en el pa\u00eds, desde motos hasta autom\u00f3viles, buses, motos, camiones, camionetas, todo terreno, tanqueros.<\/p>\n<p>De todos los veh\u00edculos matriculados en Ecuador, 1,21 millones de carros son de uso particular que usan gasolina.<\/p>\n<p>Del total de 1,2 millones de carros particulares, el 59% corresponde a autom\u00f3viles y el 41% a SUV o todo terreno, seg\u00fan el INEC.<\/p>\n<p>Pero, de esos, 26.000 carros usan gasolina S\u00faper, cuyo precio est\u00e1 liberado; es decir, no tiene subsidio.<\/p>\n<p>Esa cifra de autos que consumen S\u00faper es aproximada, se la obtiene tomando como referencia el porcentaje de consumo de S\u00faper en el mercado total de gasolinas para el sector automotor, que es del 2,2%.<\/p>\n<p>El dato es referencial, adem\u00e1s, porque hay que considerar que existen propietarios de veh\u00edculos que cargan una mezcla de gasolina Extra o Ecopa\u00eds y S\u00faper.<\/p>\n<p>Por lo tanto, el n\u00famero de carros particulares que usan gasolina Extra y Ecopa\u00eds se acercar\u00eda a los 1,19 millones y cuyos due\u00f1os perder\u00edan el subsidio que hoy tienen.<\/p>\n<p>Por otro lado, seg\u00fan los datos del INEC, hay 814.976 motos que usan gasolina, el 98% es de uso particular. Adem\u00e1s, 17.826 carros veh\u00edculos del Estado que usan gasolina.<\/p>\n<p><strong>\u00bfQu\u00e9 se sabe de la medida?<\/strong><\/p>\n<p>El ministro de Energ\u00eda, Roberto Luque, ha aclarado que no se focalizar\u00eda el subsidio, sino que se liberar\u00edan los precios y se entregar\u00eda una compensaci\u00f3n a sectores, considerados vulnerables.<\/p>\n<p>Entre los sectores que recibir\u00edan esas compensaciones econ\u00f3micas est\u00e1n taxistas, camionetas y motores fuera de borda.<\/p>\n<p>Seg\u00fan el INEC, en el pa\u00eds hay 86.133 veh\u00edculos de alquiler (carros y motos) que usan gasolina, entre los que se cuenta taxis.<\/p>\n<p>En cambio, de las 338.772 camionetas matriculadas en Ecuador, un total de 9.977 est\u00e1n catalogadas como de alquiler.<\/p>\n<p>El Gobierno ha anticipado que centrar\u00e1 su revisi\u00f3n a los subsidios en las gasolinas Extra y Ecopa\u00eds.<\/p>\n<p><strong>Subsidio al di\u00e9sel, el de mayor consumo, no se tocar\u00e1<\/strong><\/p>\n<p>El Presidente Daniel Noboa ha sido enf\u00e1tico en se\u00f1alar que no tocar\u00e1 el subsidio al di\u00e9sel, el combustible de mayor consumo del sector automotor, pues es usado por buses y veh\u00edculos de transporte de carga.<\/p>\n<p>As\u00ed, el sector automotor ecuatoriano tuvo un consumo de 147.000 barriles diarios de combustibles entre enero y abril de 2024.<\/p>\n<p>El 47% de ese volumen correspondi\u00f3 a di\u00e9sel, lo que lo convierte en el combustible de mayor consumo del sector automotor.<\/p>\n<p>Le sigue la Extra con el 26%, la Ecopa\u00eds con 25%, la S\u00faper con el 2,3% y el gas dom\u00e9stico con menos del 1%.<\/p>\n<p>Noboa tambi\u00e9n dijo que mantendr\u00e1 el subsidio al gas de uso dom\u00e9stico, para evitar un mayor encarecimiento del costo de vida.<\/p>\n<\/body>","protected":false},"excerpt":{"rendered":"<p>El Gobierno de Daniel Noboa avanza en el plan de eliminaci\u00f3n de subsidios a la Extra y Ecopa\u00eds, que podr\u00eda dejarle ingresos por unos USD 630 millones al a\u00f1o, pero \u00bfcu\u00e1ntos carros utilizan estas gasolinas de bajo octanaje? La \u00faltima Estad\u00edstica de Transporte del Instituto de Estad\u00edsticas y Censos de 2022 da una idea del [&hellip;]<\/p>\n","protected":false},"author":4,"featured_media":13809,"comment_status":"closed","ping_status":"closed","sticky":false,"template":"","format":"standard","meta":{"om_disable_all_campaigns":false,"_joinchat":[],"footnotes":""},"categories":[30],"tags":[],"class_list":["post-13808","post","type-post","status-publish","format-standard","has-post-thumbnail","hentry","category-el-pais"],"_links":{"self":[{"href":"https:\/\/zaracaytv.com\/index.php?rest_route=\/wp\/v2\/posts\/13808","targetHints":{"allow":["GET"]}}],"collection":[{"href":"https:\/\/zaracaytv.com\/index.php?rest_route=\/wp\/v2\/posts"}],"about":[{"href":"https:\/\/zaracaytv.com\/index.php?rest_route=\/wp\/v2\/types\/post"}],"author":[{"embeddable":true,"href":"https:\/\/zaracaytv.com\/index.php?rest_route=\/wp\/v2\/users\/4"}],"replies":[{"embeddable":true,"href":"https:\/\/zaracaytv.com\/index.php?rest_route=%2Fwp%2Fv2%2Fcomments&post=13808"}],"version-history":[{"count":1,"href":"https:\/\/zaracaytv.com\/index.php?rest_route=\/wp\/v2\/posts\/13808\/revisions"}],"predecessor-version":[{"id":13810,"href":"https:\/\/zaracaytv.com\/index.php?rest_route=\/wp\/v2\/posts\/13808\/revisions\/13810"}],"wp:featuredmedia":[{"embeddable":true,"href":"https:\/\/zaracaytv.com\/index.php?rest_route=\/wp\/v2\/media\/13809"}],"wp:attachment":[{"href":"https:\/\/zaracaytv.com\/index.php?rest_route=%2Fwp%2Fv2%2Fmedia&parent=13808"}],"wp:term":[{"taxonomy":"category","embeddable":true,"href":"https:\/\/zaracaytv.com\/index.php?rest_route=%2Fwp%2Fv2%2Fcategories&post=13808"},{"taxonomy":"post_tag","embeddable":true,"href":"https:\/\/zaracaytv.com\/index.php?rest_route=%2Fwp%2Fv2%2Ftags&post=13808"}],"curies":[{"name":"wp","href":"https:\/\/api.w.org\/{rel}","templated":true}]}}