{"id":13804,"date":"2024-06-05T08:46:06","date_gmt":"2024-06-05T13:46:06","guid":{"rendered":"https:\/\/zaracaytv.com\/?p=13804"},"modified":"2024-06-05T08:46:46","modified_gmt":"2024-06-05T13:46:46","slug":"veronica-abad-busa-respaldo-en-la-asamblea-por-la-sucesion-presidencial-en-campana-2025","status":"publish","type":"post","link":"https:\/\/zaracaytv.com\/?p=13804","title":{"rendered":"VER\u00d3NICA ABAD BUSCA RESPALDO EN LA ASAMBLEA POR LA SUCESI\u00d3N PRESIDENCIAL EN CAMPA\u00d1A 2025"},"content":{"rendered":"<body><p><\/p><img loading=\"lazy\" decoding=\"async\" class=\"size-medium wp-image-13805 alignleft\" src=\"https:\/\/zaracaytv.com\/wp-content\/uploads\/2024\/06\/Veronica-Abad-3-1024x683-1-300x200.jpg\" alt=\"\" width=\"300\" height=\"200\" loading=\"lazy\" srcset=\"https:\/\/zaracaytv.com\/wp-content\/uploads\/2024\/06\/Veronica-Abad-3-1024x683-1-300x200.jpg 300w, https:\/\/zaracaytv.com\/wp-content\/uploads\/2024\/06\/Veronica-Abad-3-1024x683-1-768x512.jpg 768w, https:\/\/zaracaytv.com\/wp-content\/uploads\/2024\/06\/Veronica-Abad-3-1024x683-1-495x330.jpg 495w, https:\/\/zaracaytv.com\/wp-content\/uploads\/2024\/06\/Veronica-Abad-3-1024x683-1-270x180.jpg 270w, https:\/\/zaracaytv.com\/wp-content\/uploads\/2024\/06\/Veronica-Abad-3-1024x683-1.jpg 1024w\" sizes=\"auto, (max-width: 300px) 100vw, 300px\" \/>\n<p>La\u00a0vicepresidenta Ver\u00f3nica Abad\u00a0cree que la\u00a0Asamblea Nacional\u00a0y la Corte Constitucional\u00a0deben pronunciarse sobre la sucesi\u00f3n presidencial cuando\u00a0Daniel Noboa\u00a0participe en la campa\u00f1a para las\u00a0elecciones 2025.<\/p>\n<p>Este 4 de junio de 2024, Abad habl\u00f3 en Ecuavisa sobre la posibilidad de asumir el poder. Ve con buenos ojos el pedido de la\u00a0legisladora corre\u00edsta Paola Cabezas, respecto a que el Pleno exhorte a Noboa a \u201crespetar la Constituci\u00f3n y la Ley respecto al encargo de la Presidencia\u00a0en una eventual candidatura presidencial\u201d.<\/p>\n<p>Ese pedido fue enviado por Cabezas con fecha 3 de junio a su compa\u00f1era de bancada y presidenta del\u00a0Grupo Parlamentario por los Derechos de las Mujeres, Rosa Mayorga. El escrito plantea que se mocione la inclusi\u00f3n de ese punto en un\u00a0orden del d\u00eda de la sesi\u00f3n del Pleno.<\/p>\n<p>Abad reaccion\u00f3 a ese pedido y dijo: \u201cPaola Cabeza tiene la raz\u00f3n\u00a0en pedir que se haga en orden lo que se debe hacer\u201d. Pero, ante la pregunta sobre si eso evidencia un acercamiento con el corre\u00edsmo, solo respondi\u00f3 que tiene\u00a0nexos con las personas que aman los valores que ella ama; as\u00ed como ser\u00e1 adversa a toda violencia.<\/p>\n<p>La Vicepresidenta insisti\u00f3 en que no hay otro camino para la sucesi\u00f3n sino el que ella\u00a0asuma la Presidencia. Por eso se\u00f1al\u00f3 que otra entidad que deber\u00eda pronunciarse es la\u00a0Corte Constitucional\u00a0ya que se intenta violentar la\u00a0Constituci\u00f3n.<\/p>\n<h2 class=\"wp-block-heading\">\u00bfQu\u00e9 har\u00eda Abad en caso de asumir el cargo?<\/h2>\n<p>Abad cuestion\u00f3 el incremento del\u00a0Impuesto al Valor Agregado\u00a0(IVA) adoptado por Noboa. Dijo que, \u201cen nuestro plan\u201d eso no estaba contemplado\u00a0porque no era el momento adecuado. Sim embargo no asegur\u00f3 que revisar\u00eda la medida sino plante\u00f3 el abrir igualdad de oportunidades para todos los ecuatorianos.<\/p>\n<p>Tambi\u00e9n cuestion\u00f3 la justicia del pa\u00eds y a la Fiscal\u00eda. Habl\u00f3 sobre esto ante la pregunta sobre si considerar\u00eda\u00a0entregar el indulto al expresidente Rafael Correa, quien fue sentenciado por cohecho.<\/p>\n<p>\u201cNo se trata del expresidente Correa, Lasso o Moreno.\u00a0Se trata de que funcione la justicia para todos. Mi hijo ha sido sometido a la barbarie de esta justicia\u201d, dijo Abad.<\/p>\n<p>\u00a0<\/p>\n<p>\u00a0<\/p>\n<\/body>","protected":false},"excerpt":{"rendered":"<p>La\u00a0vicepresidenta Ver\u00f3nica Abad\u00a0cree que la\u00a0Asamblea Nacional\u00a0y la Corte Constitucional\u00a0deben pronunciarse sobre la sucesi\u00f3n presidencial cuando\u00a0Daniel Noboa\u00a0participe en la campa\u00f1a para las\u00a0elecciones 2025. Este 4 de junio de 2024, Abad habl\u00f3 en Ecuavisa sobre la posibilidad de asumir el poder. Ve con buenos ojos el pedido de la\u00a0legisladora corre\u00edsta Paola Cabezas, respecto a que el Pleno [&hellip;]<\/p>\n","protected":false},"author":4,"featured_media":13805,"comment_status":"closed","ping_status":"closed","sticky":false,"template":"","format":"standard","meta":{"om_disable_all_campaigns":false,"_joinchat":[],"footnotes":""},"categories":[30],"tags":[],"class_list":["post-13804","post","type-post","status-publish","format-standard","has-post-thumbnail","hentry","category-el-pais"],"_links":{"self":[{"href":"https:\/\/zaracaytv.com\/index.php?rest_route=\/wp\/v2\/posts\/13804","targetHints":{"allow":["GET"]}}],"collection":[{"href":"https:\/\/zaracaytv.com\/index.php?rest_route=\/wp\/v2\/posts"}],"about":[{"href":"https:\/\/zaracaytv.com\/index.php?rest_route=\/wp\/v2\/types\/post"}],"author":[{"embeddable":true,"href":"https:\/\/zaracaytv.com\/index.php?rest_route=\/wp\/v2\/users\/4"}],"replies":[{"embeddable":true,"href":"https:\/\/zaracaytv.com\/index.php?rest_route=%2Fwp%2Fv2%2Fcomments&post=13804"}],"version-history":[{"count":2,"href":"https:\/\/zaracaytv.com\/index.php?rest_route=\/wp\/v2\/posts\/13804\/revisions"}],"predecessor-version":[{"id":13807,"href":"https:\/\/zaracaytv.com\/index.php?rest_route=\/wp\/v2\/posts\/13804\/revisions\/13807"}],"wp:featuredmedia":[{"embeddable":true,"href":"https:\/\/zaracaytv.com\/index.php?rest_route=\/wp\/v2\/media\/13805"}],"wp:attachment":[{"href":"https:\/\/zaracaytv.com\/index.php?rest_route=%2Fwp%2Fv2%2Fmedia&parent=13804"}],"wp:term":[{"taxonomy":"category","embeddable":true,"href":"https:\/\/zaracaytv.com\/index.php?rest_route=%2Fwp%2Fv2%2Fcategories&post=13804"},{"taxonomy":"post_tag","embeddable":true,"href":"https:\/\/zaracaytv.com\/index.php?rest_route=%2Fwp%2Fv2%2Ftags&post=13804"}],"curies":[{"name":"wp","href":"https:\/\/api.w.org\/{rel}","templated":true}]}}