{"id":13097,"date":"2024-05-07T12:02:37","date_gmt":"2024-05-07T17:02:37","guid":{"rendered":"https:\/\/zaracaytv.com\/?p=13097"},"modified":"2024-05-07T12:02:37","modified_gmt":"2024-05-07T17:02:37","slug":"accidente-de-transito-dejo-heridos-en-la-via-quevedo","status":"publish","type":"post","link":"https:\/\/zaracaytv.com\/?p=13097","title":{"rendered":"ACCIDENTE DE TR\u00c1NSITO DEJ\u00d3 HERIDOS EN LA V\u00cdA QUEVEDO"},"content":{"rendered":"<body><p><\/p><span style=\"font-weight: 400;\"><img loading=\"lazy\" decoding=\"async\" class=\"size-medium wp-image-13100 alignleft\" src=\"https:\/\/zaracaytv.com\/wp-content\/uploads\/2024\/05\/ACCIDENTE-300x168.png\" alt=\"\" width=\"300\" height=\"168\" loading=\"lazy\" srcset=\"https:\/\/zaracaytv.com\/wp-content\/uploads\/2024\/05\/ACCIDENTE-300x168.png 300w, https:\/\/zaracaytv.com\/wp-content\/uploads\/2024\/05\/ACCIDENTE-1024x573.png 1024w, https:\/\/zaracaytv.com\/wp-content\/uploads\/2024\/05\/ACCIDENTE-768x430.png 768w, https:\/\/zaracaytv.com\/wp-content\/uploads\/2024\/05\/ACCIDENTE-570x319.png 570w, https:\/\/zaracaytv.com\/wp-content\/uploads\/2024\/05\/ACCIDENTE-270x151.png 270w, https:\/\/zaracaytv.com\/wp-content\/uploads\/2024\/05\/ACCIDENTE.png 1329w\" sizes=\"auto, (max-width: 300px) 100vw, 300px\" \/>La imprudencia les pas\u00f3 factura a quienes transitaban en este veh\u00edculo color blanco, el cual qued\u00f3 completamente destruido y sus ocupantes atrapados. Al parecer el automotor intent\u00f3 adelantarse y se estrell\u00f3 con este tr\u00e1iler en el kil\u00f3metro cuatro y medio de la v\u00eda Quevedo, explicaron varios testigos.<\/span>\n<p><span style=\"font-weight: 400;\">Una mujer qued\u00f3 atrapada en el carro por lo cual varios ciudadanos corrieron en su ayuda. Con esfuerzo sacaban parte del automotor para rescatarla, mientras en la calle el di\u00e9sel advert\u00eda a las personas que deb\u00edan actuar r\u00e1pido antes de que la situaci\u00f3n empeore. Despu\u00e9s de salvarla, la f\u00e9mina fue colocada a un lado de la vereda mientras esperaban a la ambulancia.<\/span><\/p>\n<p><span style=\"font-weight: 400;\">La mascota de la familia fue rescatada a tiempo, presentaba algunas heridas. Ellos explicaron que despu\u00e9s de ocurrida la situaci\u00f3n, el conductor del tr\u00e1iler se dio a la fuga.<\/span><\/p>\n<p>\u00a0<\/p>\n<\/body>","protected":false},"excerpt":{"rendered":"<p>La imprudencia les pas\u00f3 factura a quienes transitaban en este veh\u00edculo color blanco, el cual qued\u00f3 completamente destruido y sus ocupantes atrapados. Al parecer el automotor intent\u00f3 adelantarse y se estrell\u00f3 con este tr\u00e1iler en el kil\u00f3metro cuatro y medio de la v\u00eda Quevedo, explicaron varios testigos. Una mujer qued\u00f3 atrapada en el carro por [&hellip;]<\/p>\n","protected":false},"author":4,"featured_media":13100,"comment_status":"closed","ping_status":"closed","sticky":false,"template":"","format":"standard","meta":{"om_disable_all_campaigns":false,"_joinchat":[],"footnotes":""},"categories":[48],"tags":[],"class_list":["post-13097","post","type-post","status-publish","format-standard","has-post-thumbnail","hentry","category-cronica-roja"],"_links":{"self":[{"href":"https:\/\/zaracaytv.com\/index.php?rest_route=\/wp\/v2\/posts\/13097","targetHints":{"allow":["GET"]}}],"collection":[{"href":"https:\/\/zaracaytv.com\/index.php?rest_route=\/wp\/v2\/posts"}],"about":[{"href":"https:\/\/zaracaytv.com\/index.php?rest_route=\/wp\/v2\/types\/post"}],"author":[{"embeddable":true,"href":"https:\/\/zaracaytv.com\/index.php?rest_route=\/wp\/v2\/users\/4"}],"replies":[{"embeddable":true,"href":"https:\/\/zaracaytv.com\/index.php?rest_route=%2Fwp%2Fv2%2Fcomments&post=13097"}],"version-history":[{"count":1,"href":"https:\/\/zaracaytv.com\/index.php?rest_route=\/wp\/v2\/posts\/13097\/revisions"}],"predecessor-version":[{"id":13101,"href":"https:\/\/zaracaytv.com\/index.php?rest_route=\/wp\/v2\/posts\/13097\/revisions\/13101"}],"wp:featuredmedia":[{"embeddable":true,"href":"https:\/\/zaracaytv.com\/index.php?rest_route=\/wp\/v2\/media\/13100"}],"wp:attachment":[{"href":"https:\/\/zaracaytv.com\/index.php?rest_route=%2Fwp%2Fv2%2Fmedia&parent=13097"}],"wp:term":[{"taxonomy":"category","embeddable":true,"href":"https:\/\/zaracaytv.com\/index.php?rest_route=%2Fwp%2Fv2%2Fcategories&post=13097"},{"taxonomy":"post_tag","embeddable":true,"href":"https:\/\/zaracaytv.com\/index.php?rest_route=%2Fwp%2Fv2%2Ftags&post=13097"}],"curies":[{"name":"wp","href":"https:\/\/api.w.org\/{rel}","templated":true}]}}