{"id":13093,"date":"2024-05-07T11:56:36","date_gmt":"2024-05-07T16:56:36","guid":{"rendered":"https:\/\/zaracaytv.com\/?p=13093"},"modified":"2024-05-07T11:56:36","modified_gmt":"2024-05-07T16:56:36","slug":"inicio-la-vacunacion-contra-la-fiebre-aftosa-en-ecuador","status":"publish","type":"post","link":"https:\/\/zaracaytv.com\/?p=13093","title":{"rendered":"INICI\u00d3 LA VACUNACI\u00d3N CONTRA LA FIEBRE AFTOSA EN ECUADOR"},"content":{"rendered":"<body><p><\/p><img loading=\"lazy\" decoding=\"async\" class=\"size-medium wp-image-13094 alignleft\" src=\"https:\/\/zaracaytv.com\/wp-content\/uploads\/2024\/05\/AFT-300x191.png\" alt=\"\" width=\"300\" height=\"191\" loading=\"lazy\" srcset=\"https:\/\/zaracaytv.com\/wp-content\/uploads\/2024\/05\/AFT-300x191.png 300w, https:\/\/zaracaytv.com\/wp-content\/uploads\/2024\/05\/AFT-1024x651.png 1024w, https:\/\/zaracaytv.com\/wp-content\/uploads\/2024\/05\/AFT-768x488.png 768w, https:\/\/zaracaytv.com\/wp-content\/uploads\/2024\/05\/AFT-519x330.png 519w, https:\/\/zaracaytv.com\/wp-content\/uploads\/2024\/05\/AFT-270x172.png 270w, https:\/\/zaracaytv.com\/wp-content\/uploads\/2024\/05\/AFT.png 1142w\" sizes=\"auto, (max-width: 300px) 100vw, 300px\" \/>AGROCALIDAD inici\u00f3 este 3 de mayo la vacunaci\u00f3n contra la fiebre aftosa a nivel nacional. En Santo Domingo de los Ts\u00e1chilas se pretende inmunizar aproximadamente 233 mil cabezas de ganado, para ello esta cartera de Estado destin\u00f3 para la provincia a 40 brigadistas que ser\u00e1n los encargados de visitar cada una de las fincas para vacunar a los bovinos, as\u00ed lo expres\u00f3 Luis Ortiz, director distrital de Agrocalidad.\n<p>Adem\u00e1s, indic\u00f3 que el certificado de vacunaci\u00f3n es uno de los requisitos fundamentales que deber\u00e1 presentar el ganadero cuando movilice las reses a los centros de faenamiento, ferias ganaderas y a otras fincas.<\/p>\n<p>Jorge Moyano, gerente de la Asociaci\u00f3n de Ganaderos de Santo Domingo, mencion\u00f3 que los criadores que sean nuevos en el mercado deber\u00e1n presentar la informaci\u00f3n requerida para su inscripci\u00f3n en los puntos autorizados, o a su vez en Agrocalidad.<\/p>\n<p>El ganadero Carlos Cepeda se encontraba en las instalaciones de Agrocalidad para solicitar unos permisos para su finca, pero al consultarle sobre la vacunaci\u00f3n indic\u00f3 que no ten\u00eda conocimiento que ya hab\u00eda iniciado. Considera que las autoridades correspondientes deber\u00edan intensificar la socializaci\u00f3n, pues indica que los 45 d\u00edas h\u00e1biles para este proceso no ser\u00edan los suficientes para visitar todos los sectores.<\/p>\n<p>AGROCALIDAD se\u00f1al\u00f3 que a nivel nacional vacunar\u00e1n a 4.7 millones de bovinos y m\u00e1s de 250 mil ganaderos ser\u00e1n beneficiados de las mismas. Cada ant\u00eddoto tiene un costo de 60 centavos, el \u00fanico requerimiento de esta cartera de Estado es que las reses est\u00e9n reunidas en corrales.<\/p>\n<p>\u00a0<\/p>\n<\/body>","protected":false},"excerpt":{"rendered":"<p>AGROCALIDAD inici\u00f3 este 3 de mayo la vacunaci\u00f3n contra la fiebre aftosa a nivel nacional. En Santo Domingo de los Ts\u00e1chilas se pretende inmunizar aproximadamente 233 mil cabezas de ganado, para ello esta cartera de Estado destin\u00f3 para la provincia a 40 brigadistas que ser\u00e1n los encargados de visitar cada una de las fincas para [&hellip;]<\/p>\n","protected":false},"author":4,"featured_media":13094,"comment_status":"closed","ping_status":"closed","sticky":false,"template":"","format":"standard","meta":{"om_disable_all_campaigns":false,"_joinchat":[],"footnotes":""},"categories":[31],"tags":[],"class_list":["post-13093","post","type-post","status-publish","format-standard","has-post-thumbnail","hentry","category-la-region"],"_links":{"self":[{"href":"https:\/\/zaracaytv.com\/index.php?rest_route=\/wp\/v2\/posts\/13093","targetHints":{"allow":["GET"]}}],"collection":[{"href":"https:\/\/zaracaytv.com\/index.php?rest_route=\/wp\/v2\/posts"}],"about":[{"href":"https:\/\/zaracaytv.com\/index.php?rest_route=\/wp\/v2\/types\/post"}],"author":[{"embeddable":true,"href":"https:\/\/zaracaytv.com\/index.php?rest_route=\/wp\/v2\/users\/4"}],"replies":[{"embeddable":true,"href":"https:\/\/zaracaytv.com\/index.php?rest_route=%2Fwp%2Fv2%2Fcomments&post=13093"}],"version-history":[{"count":1,"href":"https:\/\/zaracaytv.com\/index.php?rest_route=\/wp\/v2\/posts\/13093\/revisions"}],"predecessor-version":[{"id":13095,"href":"https:\/\/zaracaytv.com\/index.php?rest_route=\/wp\/v2\/posts\/13093\/revisions\/13095"}],"wp:featuredmedia":[{"embeddable":true,"href":"https:\/\/zaracaytv.com\/index.php?rest_route=\/wp\/v2\/media\/13094"}],"wp:attachment":[{"href":"https:\/\/zaracaytv.com\/index.php?rest_route=%2Fwp%2Fv2%2Fmedia&parent=13093"}],"wp:term":[{"taxonomy":"category","embeddable":true,"href":"https:\/\/zaracaytv.com\/index.php?rest_route=%2Fwp%2Fv2%2Fcategories&post=13093"},{"taxonomy":"post_tag","embeddable":true,"href":"https:\/\/zaracaytv.com\/index.php?rest_route=%2Fwp%2Fv2%2Ftags&post=13093"}],"curies":[{"name":"wp","href":"https:\/\/api.w.org\/{rel}","templated":true}]}}