{"id":13090,"date":"2024-05-07T11:49:49","date_gmt":"2024-05-07T16:49:49","guid":{"rendered":"https:\/\/zaracaytv.com\/?p=13090"},"modified":"2024-05-07T11:49:49","modified_gmt":"2024-05-07T16:49:49","slug":"transportistas-plantean-nuevamente-la-focalizacion-de-combustibles","status":"publish","type":"post","link":"https:\/\/zaracaytv.com\/?p=13090","title":{"rendered":"TRANSPORTISTAS PLANTEAN NUEVAMENTE LA FOCALIZACI\u00d3N DE COMBUSTIBLES"},"content":{"rendered":"<body><p><\/p><img loading=\"lazy\" decoding=\"async\" class=\"size-medium wp-image-13091 alignleft\" src=\"https:\/\/zaracaytv.com\/wp-content\/uploads\/2024\/05\/COM-300x172.png\" alt=\"\" width=\"300\" height=\"172\" loading=\"lazy\" srcset=\"https:\/\/zaracaytv.com\/wp-content\/uploads\/2024\/05\/COM-300x172.png 300w, https:\/\/zaracaytv.com\/wp-content\/uploads\/2024\/05\/COM-1024x588.png 1024w, https:\/\/zaracaytv.com\/wp-content\/uploads\/2024\/05\/COM-768x441.png 768w, https:\/\/zaracaytv.com\/wp-content\/uploads\/2024\/05\/COM-570x327.png 570w, https:\/\/zaracaytv.com\/wp-content\/uploads\/2024\/05\/COM-270x155.png 270w, https:\/\/zaracaytv.com\/wp-content\/uploads\/2024\/05\/COM.png 1265w\" sizes=\"auto, (max-width: 300px) 100vw, 300px\" \/>Tras el acuerdo con el Fondo Monetario Internacional, la focalizaci\u00f3n de los combustibles toca nuevamente la puerta. Este 2 de mayo se cre\u00f3 un Comit\u00e9 de Optimizaci\u00f3n Energ\u00e9tica integrado por varios Ministerios, los cuales ser\u00e1n encargados de analizar la elaboraci\u00f3n de propuestas que busquen la estabilizaci\u00f3n de los precios de los hidrocarburos. Fernando Ortiz, presidente de la Confederaci\u00f3n de Transporte Pesado explic\u00f3 que dentro de esta directiva deben existir representantes del gremio, quienes son los mayores afectados.\n<p>Una propuesta similar fue sugerida hace algunos a\u00f1os, explic\u00f3 Mauricio Benavides, expresidente provincial de la C\u00e1mara de Transporte Pesado. Sin embargo, dichas recomendaciones no fueron escuchadas por el Gobierno de ese entonces. En este proyecto se mencionaba que la focalizaci\u00f3n deber\u00eda estar enfocada para el sector p\u00fablico y comercial con el fin de evitar una inflaci\u00f3n, pues el incremento del IVA al 15% los est\u00e1 afectando de manera directa con los nuevos costos de los repuestos.<\/p>\n<p>Benavides puntualiz\u00f3 adem\u00e1s que el gal\u00f3n de combustible costaba hace 2 a\u00f1os $1,03, lo cual les permit\u00eda tener ganancias en los fletes que realizaban, manteniendo un equilibrio. En la actualidad el precio por recorrido se mantiene, pero el valor del di\u00e9sel subi\u00f3 a $1,83 y esto no es rentable, acot\u00f3.<\/p>\n<p>Esta medida es una de las m\u00e1s impopulares dentro de las reformas que lleva adelante el presidente Daniel Noboa a 9 meses de los comicios de 2025. Con la firma de este convenio con el FMI, el Gobierno deber\u00e1 implementar un plan contundente para reducir el gasto en subsidios.<\/p>\n<p>\u00a0<\/p>\n<\/body>","protected":false},"excerpt":{"rendered":"<p>Tras el acuerdo con el Fondo Monetario Internacional, la focalizaci\u00f3n de los combustibles toca nuevamente la puerta. Este 2 de mayo se cre\u00f3 un Comit\u00e9 de Optimizaci\u00f3n Energ\u00e9tica integrado por varios Ministerios, los cuales ser\u00e1n encargados de analizar la elaboraci\u00f3n de propuestas que busquen la estabilizaci\u00f3n de los precios de los hidrocarburos. Fernando Ortiz, presidente [&hellip;]<\/p>\n","protected":false},"author":4,"featured_media":13091,"comment_status":"closed","ping_status":"closed","sticky":false,"template":"","format":"standard","meta":{"om_disable_all_campaigns":false,"_joinchat":[],"footnotes":""},"categories":[31],"tags":[],"class_list":["post-13090","post","type-post","status-publish","format-standard","has-post-thumbnail","hentry","category-la-region"],"_links":{"self":[{"href":"https:\/\/zaracaytv.com\/index.php?rest_route=\/wp\/v2\/posts\/13090","targetHints":{"allow":["GET"]}}],"collection":[{"href":"https:\/\/zaracaytv.com\/index.php?rest_route=\/wp\/v2\/posts"}],"about":[{"href":"https:\/\/zaracaytv.com\/index.php?rest_route=\/wp\/v2\/types\/post"}],"author":[{"embeddable":true,"href":"https:\/\/zaracaytv.com\/index.php?rest_route=\/wp\/v2\/users\/4"}],"replies":[{"embeddable":true,"href":"https:\/\/zaracaytv.com\/index.php?rest_route=%2Fwp%2Fv2%2Fcomments&post=13090"}],"version-history":[{"count":1,"href":"https:\/\/zaracaytv.com\/index.php?rest_route=\/wp\/v2\/posts\/13090\/revisions"}],"predecessor-version":[{"id":13092,"href":"https:\/\/zaracaytv.com\/index.php?rest_route=\/wp\/v2\/posts\/13090\/revisions\/13092"}],"wp:featuredmedia":[{"embeddable":true,"href":"https:\/\/zaracaytv.com\/index.php?rest_route=\/wp\/v2\/media\/13091"}],"wp:attachment":[{"href":"https:\/\/zaracaytv.com\/index.php?rest_route=%2Fwp%2Fv2%2Fmedia&parent=13090"}],"wp:term":[{"taxonomy":"category","embeddable":true,"href":"https:\/\/zaracaytv.com\/index.php?rest_route=%2Fwp%2Fv2%2Fcategories&post=13090"},{"taxonomy":"post_tag","embeddable":true,"href":"https:\/\/zaracaytv.com\/index.php?rest_route=%2Fwp%2Fv2%2Ftags&post=13090"}],"curies":[{"name":"wp","href":"https:\/\/api.w.org\/{rel}","templated":true}]}}