{"id":13076,"date":"2024-05-06T17:33:18","date_gmt":"2024-05-06T22:33:18","guid":{"rendered":"https:\/\/zaracaytv.com\/?p=13076"},"modified":"2024-05-06T17:33:18","modified_gmt":"2024-05-06T22:33:18","slug":"4-vehiculos-blindados-tendra-el-bloque-de-seguridad-de-santo-domingo-de-los-tsachilas","status":"publish","type":"post","link":"https:\/\/zaracaytv.com\/?p=13076","title":{"rendered":"4 VEH\u00cdCULOS BLINDADOS TENDR\u00c1 EL BLOQUE DE SEGURIDAD DE SANTO DOMINGO DE LOS TS\u00c1CHILAS"},"content":{"rendered":"<body><p><\/p><img loading=\"lazy\" decoding=\"async\" class=\"size-medium wp-image-13077 alignleft\" src=\"https:\/\/zaracaytv.com\/wp-content\/uploads\/2024\/05\/WhatsApp-Image-2024-05-06-at-12.42.30-300x225.jpeg\" alt=\"\" width=\"300\" height=\"225\" loading=\"lazy\" srcset=\"https:\/\/zaracaytv.com\/wp-content\/uploads\/2024\/05\/WhatsApp-Image-2024-05-06-at-12.42.30-300x225.jpeg 300w, https:\/\/zaracaytv.com\/wp-content\/uploads\/2024\/05\/WhatsApp-Image-2024-05-06-at-12.42.30-1024x768.jpeg 1024w, https:\/\/zaracaytv.com\/wp-content\/uploads\/2024\/05\/WhatsApp-Image-2024-05-06-at-12.42.30-768x576.jpeg 768w, https:\/\/zaracaytv.com\/wp-content\/uploads\/2024\/05\/WhatsApp-Image-2024-05-06-at-12.42.30-1536x1152.jpeg 1536w, https:\/\/zaracaytv.com\/wp-content\/uploads\/2024\/05\/WhatsApp-Image-2024-05-06-at-12.42.30-440x330.jpeg 440w, https:\/\/zaracaytv.com\/wp-content\/uploads\/2024\/05\/WhatsApp-Image-2024-05-06-at-12.42.30-240x180.jpeg 240w, https:\/\/zaracaytv.com\/wp-content\/uploads\/2024\/05\/WhatsApp-Image-2024-05-06-at-12.42.30.jpeg 1600w\" sizes=\"auto, (max-width: 300px) 100vw, 300px\" \/>4 veh\u00edculos blindados apoyar\u00e1n en la seguridad de las zonas m\u00e1s conflictivas de Santo Domingo de los Ts\u00e1chilas, con el fin de recuperar la paz en estos espacios, as\u00ed lo anunci\u00f3 el Gobernador de la provincia, Miguel Quezada.\n<p>Los operativos ser\u00e1n coordinados con el ECU-911. Los mismos ayudar\u00e1n a combatir la inseguridad y enfrentarse a grupos armados, mencion\u00f3 el representante de las Fuerzas Armadas.<\/p>\n<p>En lo que va del 2024 se han registrado en Santo Domingo de los Ts\u00e1chilas 47 homicidios intencionales, adem\u00e1s, el robo de veh\u00edculos ha aumentado, por ello la subzona de Polic\u00eda ejecutar\u00e1 el Plan de Acci\u00f3n 2.0 para poner en funcionamiento los automotores y as\u00ed disminuir estos delitos, expres\u00f3 Roberto Ram\u00edrez, jefe subrogante.<\/p>\n<p>Esta semana arrib\u00f3 a la provincia uno de los 4 veh\u00edculos blindados, los otros llegar\u00e1n cuando est\u00e9n listos. La repotenciaci\u00f3n de los mismos cost\u00f3 medio mill\u00f3n de d\u00f3lares. Las autoridades indicaron que con ello buscan combatir el crimen organizado y la circulaci\u00f3n de veh\u00edculos sin placas y polarizados.<\/p>\n<p>\u00a0<\/p>\n<\/body>","protected":false},"excerpt":{"rendered":"<p>4 veh\u00edculos blindados apoyar\u00e1n en la seguridad de las zonas m\u00e1s conflictivas de Santo Domingo de los Ts\u00e1chilas, con el fin de recuperar la paz en estos espacios, as\u00ed lo anunci\u00f3 el Gobernador de la provincia, Miguel Quezada. Los operativos ser\u00e1n coordinados con el ECU-911. Los mismos ayudar\u00e1n a combatir la inseguridad y enfrentarse a [&hellip;]<\/p>\n","protected":false},"author":4,"featured_media":13077,"comment_status":"closed","ping_status":"closed","sticky":false,"template":"","format":"standard","meta":{"om_disable_all_campaigns":false,"_joinchat":[],"footnotes":""},"categories":[31],"tags":[],"class_list":["post-13076","post","type-post","status-publish","format-standard","has-post-thumbnail","hentry","category-la-region"],"_links":{"self":[{"href":"https:\/\/zaracaytv.com\/index.php?rest_route=\/wp\/v2\/posts\/13076","targetHints":{"allow":["GET"]}}],"collection":[{"href":"https:\/\/zaracaytv.com\/index.php?rest_route=\/wp\/v2\/posts"}],"about":[{"href":"https:\/\/zaracaytv.com\/index.php?rest_route=\/wp\/v2\/types\/post"}],"author":[{"embeddable":true,"href":"https:\/\/zaracaytv.com\/index.php?rest_route=\/wp\/v2\/users\/4"}],"replies":[{"embeddable":true,"href":"https:\/\/zaracaytv.com\/index.php?rest_route=%2Fwp%2Fv2%2Fcomments&post=13076"}],"version-history":[{"count":1,"href":"https:\/\/zaracaytv.com\/index.php?rest_route=\/wp\/v2\/posts\/13076\/revisions"}],"predecessor-version":[{"id":13078,"href":"https:\/\/zaracaytv.com\/index.php?rest_route=\/wp\/v2\/posts\/13076\/revisions\/13078"}],"wp:featuredmedia":[{"embeddable":true,"href":"https:\/\/zaracaytv.com\/index.php?rest_route=\/wp\/v2\/media\/13077"}],"wp:attachment":[{"href":"https:\/\/zaracaytv.com\/index.php?rest_route=%2Fwp%2Fv2%2Fmedia&parent=13076"}],"wp:term":[{"taxonomy":"category","embeddable":true,"href":"https:\/\/zaracaytv.com\/index.php?rest_route=%2Fwp%2Fv2%2Fcategories&post=13076"},{"taxonomy":"post_tag","embeddable":true,"href":"https:\/\/zaracaytv.com\/index.php?rest_route=%2Fwp%2Fv2%2Ftags&post=13076"}],"curies":[{"name":"wp","href":"https:\/\/api.w.org\/{rel}","templated":true}]}}