{"id":13069,"date":"2024-05-06T12:08:21","date_gmt":"2024-05-06T17:08:21","guid":{"rendered":"https:\/\/zaracaytv.com\/?p=13069"},"modified":"2024-05-06T12:08:21","modified_gmt":"2024-05-06T17:08:21","slug":"avanzan-los-trabajos-en-el-centro-de-faenamiento-regional-de-santo-domingo","status":"publish","type":"post","link":"https:\/\/zaracaytv.com\/?p=13069","title":{"rendered":"AVANZAN LOS TRABAJOS EN EL CENTRO DE FAENAMIENTO REGIONAL DE SANTO DOMINGO"},"content":{"rendered":"<body><p><\/p><span style=\"font-weight: 400;\"><img loading=\"lazy\" decoding=\"async\" class=\"size-medium wp-image-13070 alignleft\" src=\"https:\/\/zaracaytv.com\/wp-content\/uploads\/2024\/05\/CFR-300x193.png\" alt=\"\" width=\"300\" height=\"193\" loading=\"lazy\" srcset=\"https:\/\/zaracaytv.com\/wp-content\/uploads\/2024\/05\/CFR-300x193.png 300w, https:\/\/zaracaytv.com\/wp-content\/uploads\/2024\/05\/CFR-1024x660.png 1024w, https:\/\/zaracaytv.com\/wp-content\/uploads\/2024\/05\/CFR-768x495.png 768w, https:\/\/zaracaytv.com\/wp-content\/uploads\/2024\/05\/CFR-512x330.png 512w, https:\/\/zaracaytv.com\/wp-content\/uploads\/2024\/05\/CFR-270x174.png 270w, https:\/\/zaracaytv.com\/wp-content\/uploads\/2024\/05\/CFR.png 1156w\" sizes=\"auto, (max-width: 300px) 100vw, 300px\" \/>\u201cSanto Domingo, capital de la carne\u201d, va m\u00e1s all\u00e1 de ser un simple eslogan; se est\u00e1 consolidando y ganando reconocimiento a nivel nacional e internacional, especialmente con la construcci\u00f3n del centro de faenamiento regional, que emerge como un importante polo de desarrollo en el kil\u00f3metro catorce y medio de la V\u00eda Santo Domingo \u2013 La Concordia.<\/span>\n<p><span style=\"font-weight: 400;\">La exportaci\u00f3n de carne a otros pa\u00edses, especialmente con el TLC con China, podr\u00eda experimentar un impulso significativo. Sin embargo, se plantean diversos escenarios que deben ser considerados a partir de esta iniciativa, seg\u00fan se\u00f1ala Ricardo Vera.<\/span><\/p>\n<p><span style=\"font-weight: 400;\">Se destaca la capacidad de faenamiento de 640 bovinos y 480 porcinos diarios, operando en turnos de 8 horas. A esto se suma el impacto positivo en la generaci\u00f3n de empleo, tanto directa como indirectamente.<img loading=\"lazy\" decoding=\"async\" class=\"size-medium wp-image-13071 alignright\" src=\"https:\/\/zaracaytv.com\/wp-content\/uploads\/2024\/05\/CFFR-300x188.png\" alt=\"\" width=\"300\" height=\"188\" loading=\"lazy\" srcset=\"https:\/\/zaracaytv.com\/wp-content\/uploads\/2024\/05\/CFFR-300x188.png 300w, https:\/\/zaracaytv.com\/wp-content\/uploads\/2024\/05\/CFFR-1024x640.png 1024w, https:\/\/zaracaytv.com\/wp-content\/uploads\/2024\/05\/CFFR-768x480.png 768w, https:\/\/zaracaytv.com\/wp-content\/uploads\/2024\/05\/CFFR-528x330.png 528w, https:\/\/zaracaytv.com\/wp-content\/uploads\/2024\/05\/CFFR-270x169.png 270w, https:\/\/zaracaytv.com\/wp-content\/uploads\/2024\/05\/CFFR.png 1128w\" sizes=\"auto, (max-width: 300px) 100vw, 300px\" \/><\/span><\/p>\n<p><span style=\"font-weight: 400;\">Se espera que para finales de septiembre del 2025 est\u00e9 concluida la construcci\u00f3n del centro de faenamiento, que se posicionar\u00e1 como el m\u00e1s grande y moderno del pa\u00eds. Sin embargo, surge la interrogante sobre qui\u00e9n deber\u00eda administrarlo: \u00bfel sector p\u00fablico o el privado?<\/span><\/p>\n<p><span style=\"font-weight: 400;\">Es importante resaltar que este proyecto es impulsado por la Empresa P\u00fablica Mancomunada del Tr\u00f3pico H\u00famedo, conformada por los municipios de Santo Domingo y La Concordia.<\/span><\/p>\n<p><span style=\"font-weight: 400;\">\u00a0<\/span><\/p>\n<\/body>","protected":false},"excerpt":{"rendered":"<p>\u201cSanto Domingo, capital de la carne\u201d, va m\u00e1s all\u00e1 de ser un simple eslogan; se est\u00e1 consolidando y ganando reconocimiento a nivel nacional e internacional, especialmente con la construcci\u00f3n del centro de faenamiento regional, que emerge como un importante polo de desarrollo en el kil\u00f3metro catorce y medio de la V\u00eda Santo Domingo \u2013 La [&hellip;]<\/p>\n","protected":false},"author":4,"featured_media":13071,"comment_status":"closed","ping_status":"closed","sticky":false,"template":"","format":"standard","meta":{"om_disable_all_campaigns":false,"_joinchat":[],"footnotes":""},"categories":[31],"tags":[],"class_list":["post-13069","post","type-post","status-publish","format-standard","has-post-thumbnail","hentry","category-la-region"],"_links":{"self":[{"href":"https:\/\/zaracaytv.com\/index.php?rest_route=\/wp\/v2\/posts\/13069","targetHints":{"allow":["GET"]}}],"collection":[{"href":"https:\/\/zaracaytv.com\/index.php?rest_route=\/wp\/v2\/posts"}],"about":[{"href":"https:\/\/zaracaytv.com\/index.php?rest_route=\/wp\/v2\/types\/post"}],"author":[{"embeddable":true,"href":"https:\/\/zaracaytv.com\/index.php?rest_route=\/wp\/v2\/users\/4"}],"replies":[{"embeddable":true,"href":"https:\/\/zaracaytv.com\/index.php?rest_route=%2Fwp%2Fv2%2Fcomments&post=13069"}],"version-history":[{"count":1,"href":"https:\/\/zaracaytv.com\/index.php?rest_route=\/wp\/v2\/posts\/13069\/revisions"}],"predecessor-version":[{"id":13072,"href":"https:\/\/zaracaytv.com\/index.php?rest_route=\/wp\/v2\/posts\/13069\/revisions\/13072"}],"wp:featuredmedia":[{"embeddable":true,"href":"https:\/\/zaracaytv.com\/index.php?rest_route=\/wp\/v2\/media\/13071"}],"wp:attachment":[{"href":"https:\/\/zaracaytv.com\/index.php?rest_route=%2Fwp%2Fv2%2Fmedia&parent=13069"}],"wp:term":[{"taxonomy":"category","embeddable":true,"href":"https:\/\/zaracaytv.com\/index.php?rest_route=%2Fwp%2Fv2%2Fcategories&post=13069"},{"taxonomy":"post_tag","embeddable":true,"href":"https:\/\/zaracaytv.com\/index.php?rest_route=%2Fwp%2Fv2%2Ftags&post=13069"}],"curies":[{"name":"wp","href":"https:\/\/api.w.org\/{rel}","templated":true}]}}