{"id":13066,"date":"2024-05-06T11:57:51","date_gmt":"2024-05-06T16:57:51","guid":{"rendered":"https:\/\/zaracaytv.com\/?p=13066"},"modified":"2024-05-06T11:57:51","modified_gmt":"2024-05-06T16:57:51","slug":"padres-de-familia-buscan-los-mejores-precios-para-este-ano-escolar","status":"publish","type":"post","link":"https:\/\/zaracaytv.com\/?p=13066","title":{"rendered":"PADRES DE FAMILIA BUSCAN LOS MEJORES PRECIOS PARA ESTE A\u00d1O ESCOLAR"},"content":{"rendered":"<body><p><\/p><span style=\"font-weight: 400;\"><img loading=\"lazy\" decoding=\"async\" class=\"size-medium wp-image-13067 alignleft\" src=\"https:\/\/zaracaytv.com\/wp-content\/uploads\/2024\/05\/esvurl-300x168.png\" alt=\"\" width=\"300\" height=\"168\" loading=\"lazy\" srcset=\"https:\/\/zaracaytv.com\/wp-content\/uploads\/2024\/05\/esvurl-300x168.png 300w, https:\/\/zaracaytv.com\/wp-content\/uploads\/2024\/05\/esvurl-1024x574.png 1024w, https:\/\/zaracaytv.com\/wp-content\/uploads\/2024\/05\/esvurl-768x431.png 768w, https:\/\/zaracaytv.com\/wp-content\/uploads\/2024\/05\/esvurl-570x320.png 570w, https:\/\/zaracaytv.com\/wp-content\/uploads\/2024\/05\/esvurl-270x151.png 270w, https:\/\/zaracaytv.com\/wp-content\/uploads\/2024\/05\/esvurl.png 1313w\" sizes=\"auto, (max-width: 300px) 100vw, 300px\" \/>Los preparativos para el regreso a clases suelen ser un desaf\u00edo, especialmente en medio de la situaci\u00f3n econ\u00f3mica del pa\u00eds. Muchos padres, como Jaqueline \u00c1lvarez, se ven obligados a recorrer m\u00faltiples lugares en busca de los mejores precios para poder adquirir todo lo necesario.<\/span>\n<p><span style=\"font-weight: 400;\">La Feria Estudiantil, que se organiza cada a\u00f1o, ofrece una soluci\u00f3n conveniente. Est\u00e1 compuesta por artesanos que destacan la accesibilidad de sus productos en comparaci\u00f3n con otros establecimientos.<\/span><\/p>\n<p><span style=\"font-weight: 400;\">En tiempos de crisis, el ahorro es crucial, especialmente para aquellos con varios hijos que deben comenzar el nuevo a\u00f1o escolar.<\/span><\/p>\n<p><span style=\"font-weight: 400;\">La demanda en la Feria Estudiantil ha ido en aumento gradual. Los precios de los \u00fatiles escolares oscilan entre 50 y 150 d\u00f3lares, mientras que los uniformes var\u00edan entre 60 y 120 d\u00f3lares, dependiendo de la instituci\u00f3n educativa.<\/span><\/p>\n<p><span style=\"font-weight: 400;\">En Santo Domingo, la Feria Estudiantil estar\u00e1 abierta hasta el 26 de mayo, de lunes a domingo, de 8 de la ma\u00f1ana a 6 de la tarde.<\/span><\/p>\n<\/body>","protected":false},"excerpt":{"rendered":"<p>Los preparativos para el regreso a clases suelen ser un desaf\u00edo, especialmente en medio de la situaci\u00f3n econ\u00f3mica del pa\u00eds. Muchos padres, como Jaqueline \u00c1lvarez, se ven obligados a recorrer m\u00faltiples lugares en busca de los mejores precios para poder adquirir todo lo necesario. La Feria Estudiantil, que se organiza cada a\u00f1o, ofrece una soluci\u00f3n [&hellip;]<\/p>\n","protected":false},"author":4,"featured_media":13067,"comment_status":"closed","ping_status":"closed","sticky":false,"template":"","format":"standard","meta":{"om_disable_all_campaigns":false,"_joinchat":[],"footnotes":""},"categories":[31],"tags":[],"class_list":["post-13066","post","type-post","status-publish","format-standard","has-post-thumbnail","hentry","category-la-region"],"_links":{"self":[{"href":"https:\/\/zaracaytv.com\/index.php?rest_route=\/wp\/v2\/posts\/13066","targetHints":{"allow":["GET"]}}],"collection":[{"href":"https:\/\/zaracaytv.com\/index.php?rest_route=\/wp\/v2\/posts"}],"about":[{"href":"https:\/\/zaracaytv.com\/index.php?rest_route=\/wp\/v2\/types\/post"}],"author":[{"embeddable":true,"href":"https:\/\/zaracaytv.com\/index.php?rest_route=\/wp\/v2\/users\/4"}],"replies":[{"embeddable":true,"href":"https:\/\/zaracaytv.com\/index.php?rest_route=%2Fwp%2Fv2%2Fcomments&post=13066"}],"version-history":[{"count":1,"href":"https:\/\/zaracaytv.com\/index.php?rest_route=\/wp\/v2\/posts\/13066\/revisions"}],"predecessor-version":[{"id":13068,"href":"https:\/\/zaracaytv.com\/index.php?rest_route=\/wp\/v2\/posts\/13066\/revisions\/13068"}],"wp:featuredmedia":[{"embeddable":true,"href":"https:\/\/zaracaytv.com\/index.php?rest_route=\/wp\/v2\/media\/13067"}],"wp:attachment":[{"href":"https:\/\/zaracaytv.com\/index.php?rest_route=%2Fwp%2Fv2%2Fmedia&parent=13066"}],"wp:term":[{"taxonomy":"category","embeddable":true,"href":"https:\/\/zaracaytv.com\/index.php?rest_route=%2Fwp%2Fv2%2Fcategories&post=13066"},{"taxonomy":"post_tag","embeddable":true,"href":"https:\/\/zaracaytv.com\/index.php?rest_route=%2Fwp%2Fv2%2Ftags&post=13066"}],"curies":[{"name":"wp","href":"https:\/\/api.w.org\/{rel}","templated":true}]}}