{"id":12345,"date":"2024-04-10T12:17:31","date_gmt":"2024-04-10T17:17:31","guid":{"rendered":"https:\/\/zaracaytv.com\/?p=12345"},"modified":"2024-04-10T12:17:31","modified_gmt":"2024-04-10T17:17:31","slug":"se-suspendio-la-audiencia-de-formulacion-de-cargos-contra-la-epmt-sd","status":"publish","type":"post","link":"https:\/\/zaracaytv.com\/?p=12345","title":{"rendered":"SE SUSPENDI\u00d3 LA AUDIENCIA DE FORMULACI\u00d3N DE CARGOS CONTRA LA EPMT SD"},"content":{"rendered":"<body><p><\/p><span style=\"font-weight: 400;\">Este 09 de abril se ten\u00eda previsto que se desarrolle la audiencia de formulaci\u00f3n de cargos contra la Empresa P\u00fablica Municipal de Transporte de Santo Domingo, sobre una denuncia interpuesta por la concejal del cant\u00f3n Diana Saltos, la cual acusa a la entidad de supuesto peculado, sobre 4 capacitaciones al personal, de las cuales se ten\u00eda prevista una inversi\u00f3n de 27 mil d\u00f3lares y que seg\u00fan Saltos, los rubros fueron desembolsados, pero nunca se efectuaron las mismas.\u00a0<\/span>\n<p><span style=\"font-weight: 400;\">Saltos asegura que este caso se suscit\u00f3 hace 11 meses y fueron presentados como evidencia los contratos\u00a0 correspondientes celebrados entre la empresa encargada de las capacitaci\u00f3n y la empresa de tr\u00e1nsito, en d\u00f3nde se especifican los v<img loading=\"lazy\" decoding=\"async\" class=\"size-medium wp-image-12346 alignleft\" src=\"https:\/\/zaracaytv.com\/wp-content\/uploads\/2024\/04\/DENUNCIA-DE-DIANA-SALTOS-300x169.jpg\" alt=\"\" width=\"300\" height=\"169\" loading=\"lazy\" srcset=\"https:\/\/zaracaytv.com\/wp-content\/uploads\/2024\/04\/DENUNCIA-DE-DIANA-SALTOS-300x169.jpg 300w, https:\/\/zaracaytv.com\/wp-content\/uploads\/2024\/04\/DENUNCIA-DE-DIANA-SALTOS-1024x576.jpg 1024w, https:\/\/zaracaytv.com\/wp-content\/uploads\/2024\/04\/DENUNCIA-DE-DIANA-SALTOS-768x432.jpg 768w, https:\/\/zaracaytv.com\/wp-content\/uploads\/2024\/04\/DENUNCIA-DE-DIANA-SALTOS-1536x864.jpg 1536w, https:\/\/zaracaytv.com\/wp-content\/uploads\/2024\/04\/DENUNCIA-DE-DIANA-SALTOS-570x321.jpg 570w, https:\/\/zaracaytv.com\/wp-content\/uploads\/2024\/04\/DENUNCIA-DE-DIANA-SALTOS-270x152.jpg 270w, https:\/\/zaracaytv.com\/wp-content\/uploads\/2024\/04\/DENUNCIA-DE-DIANA-SALTOS.jpg 1920w\" sizes=\"auto, (max-width: 300px) 100vw, 300px\" \/>alores y fechas en las que se deb\u00edan ejecutar las mismas.\u00a0<\/span><\/p>\n<p><span style=\"font-weight: 400;\">La edil indic\u00f3 que ha solicitado un pronunciamiento por parte de la principal autoridad de la Empresa P\u00fablica Municipal de Transporte de Santo Domingo y del alcalde del cant\u00f3n Wilson Erazo, pero no se han manifestado al respecto. Adem\u00e1s, intentamos buscar una versi\u00f3n de la parte denunciada, pero no obtuvimos una respuesta.\u00a0<\/span><\/p>\n<\/body>","protected":false},"excerpt":{"rendered":"<p>Este 09 de abril se ten\u00eda previsto que se desarrolle la audiencia de formulaci\u00f3n de cargos contra la Empresa P\u00fablica Municipal de Transporte de Santo Domingo, sobre una denuncia interpuesta por la concejal del cant\u00f3n Diana Saltos, la cual acusa a la entidad de supuesto peculado, sobre 4 capacitaciones al personal, de las cuales se [&hellip;]<\/p>\n","protected":false},"author":4,"featured_media":12346,"comment_status":"closed","ping_status":"closed","sticky":false,"template":"","format":"standard","meta":{"om_disable_all_campaigns":false,"_joinchat":[],"footnotes":""},"categories":[31],"tags":[],"class_list":["post-12345","post","type-post","status-publish","format-standard","has-post-thumbnail","hentry","category-la-region"],"_links":{"self":[{"href":"https:\/\/zaracaytv.com\/index.php?rest_route=\/wp\/v2\/posts\/12345","targetHints":{"allow":["GET"]}}],"collection":[{"href":"https:\/\/zaracaytv.com\/index.php?rest_route=\/wp\/v2\/posts"}],"about":[{"href":"https:\/\/zaracaytv.com\/index.php?rest_route=\/wp\/v2\/types\/post"}],"author":[{"embeddable":true,"href":"https:\/\/zaracaytv.com\/index.php?rest_route=\/wp\/v2\/users\/4"}],"replies":[{"embeddable":true,"href":"https:\/\/zaracaytv.com\/index.php?rest_route=%2Fwp%2Fv2%2Fcomments&post=12345"}],"version-history":[{"count":1,"href":"https:\/\/zaracaytv.com\/index.php?rest_route=\/wp\/v2\/posts\/12345\/revisions"}],"predecessor-version":[{"id":12347,"href":"https:\/\/zaracaytv.com\/index.php?rest_route=\/wp\/v2\/posts\/12345\/revisions\/12347"}],"wp:featuredmedia":[{"embeddable":true,"href":"https:\/\/zaracaytv.com\/index.php?rest_route=\/wp\/v2\/media\/12346"}],"wp:attachment":[{"href":"https:\/\/zaracaytv.com\/index.php?rest_route=%2Fwp%2Fv2%2Fmedia&parent=12345"}],"wp:term":[{"taxonomy":"category","embeddable":true,"href":"https:\/\/zaracaytv.com\/index.php?rest_route=%2Fwp%2Fv2%2Fcategories&post=12345"},{"taxonomy":"post_tag","embeddable":true,"href":"https:\/\/zaracaytv.com\/index.php?rest_route=%2Fwp%2Fv2%2Ftags&post=12345"}],"curies":[{"name":"wp","href":"https:\/\/api.w.org\/{rel}","templated":true}]}}