{"id":12338,"date":"2024-04-10T10:58:00","date_gmt":"2024-04-10T15:58:00","guid":{"rendered":"https:\/\/zaracaytv.com\/?p=12338"},"modified":"2024-04-10T11:00:23","modified_gmt":"2024-04-10T16:00:23","slug":"oea-condena-incursion-de-ecuador-en-embajada-de-mexico","status":"publish","type":"post","link":"https:\/\/zaracaytv.com\/?p=12338","title":{"rendered":"OEA CONDENA INCURSI\u00d3N DE ECUADOR EN EMBAJADA DE M\u00c9XICO"},"content":{"rendered":"<body><p><\/p><img loading=\"lazy\" decoding=\"async\" class=\"size-medium wp-image-12339 alignleft\" src=\"https:\/\/zaracaytv.com\/wp-content\/uploads\/2024\/04\/image-oea_1467841_20240410092348-1-300x218.jpg\" alt=\"\" width=\"300\" height=\"218\" loading=\"lazy\" srcset=\"https:\/\/zaracaytv.com\/wp-content\/uploads\/2024\/04\/image-oea_1467841_20240410092348-1-300x218.jpg 300w, https:\/\/zaracaytv.com\/wp-content\/uploads\/2024\/04\/image-oea_1467841_20240410092348-1-768x559.jpg 768w, https:\/\/zaracaytv.com\/wp-content\/uploads\/2024\/04\/image-oea_1467841_20240410092348-1-454x330.jpg 454w, https:\/\/zaracaytv.com\/wp-content\/uploads\/2024\/04\/image-oea_1467841_20240410092348-1-248x180.jpg 248w, https:\/\/zaracaytv.com\/wp-content\/uploads\/2024\/04\/image-oea_1467841_20240410092348-1.jpg 825w\" sizes=\"auto, (max-width: 300px) 100vw, 300px\" \/>\n<p>La crisis diplom\u00e1tica entre Ecuador y M\u00e9xico es analizada este mi\u00e9rcoles 10 de abril ante el Consejo Permanente de la Organizaci\u00f3n de Estados Americanos (OEA). Los pa\u00edses se pronunciaron sobre una moci\u00f3n de condena a lo actuado por Ecuador con la \u200b\u200b\u200b\u200b\u200b\u200b irrupci\u00f3n de la Polic\u00eda en la Embajada de M\u00e9xico en Quito para capturar al exvicepresidente Jorge Glas.<\/p>\n<p>Fueron 29 votos a favor de la resoluci\u00f3n de Colombia. Hubo un voto de abstenci\u00f3n de El Salvador y el voto en contra de Ecuador. M\u00e9xico y Venezuela estuvieron ausentes en la sesi\u00f3n.<\/p>\n<p>La\u00a0resoluci\u00f3n aprobada en la OEA\u00a0reafirma tambi\u00e9n \u201cla obligaci\u00f3n\u201d que tienen los Estados de \u201crespetar en su integridad\u201d las disposiciones de la Convenci\u00f3n de Asilo Diplom\u00e1tico de 1954 y recuerda que los diplom\u00e1ticos est\u00e1n obligados \u201ca no inmiscuirse en los asuntos internos\u201d del Estado receptor.<\/p>\n<h2><\/h2>\n<h2 class=\"h2-componente\">10 puntos aprobados por la OEA en la condena de Ecuador<\/h2>\n<ul>\n<li class=\"bullet\">Condenar en\u00e9rgicamente la intrusi\u00f3n en las instalaciones de la Embajada de M\u00e9xico en el Ecuador y los actos de violencia ejercidos en contra de la integridad y la dignidad del personal diplom\u00e1tico de la misi\u00f3n.<\/li>\n<li class=\"bullet\">Reafirmar la obligaci\u00f3n de todos los Estados de garantizar el respeto de los privilegios e inmunidades de las misiones diplom\u00e1ticas y el principio de inviolabilidad, de conformidad con el derecho internacional, como requisito fundamental y crucial para las relaciones pac\u00edficas entre los Estados.<\/li>\n<li class=\"bullet\">Llamar a todos los Estados a respetar y cumplir sus obligaciones y responsabilidades en virtud de la Convenci\u00f3n de Viena sobre Relaciones Diplom\u00e1ticas y a garantizar que la inviolabilidad de los locales y el personal diplom\u00e1ticos sea plenamente respetada y defendida, sin excepci\u00f3n.<\/li>\n<li class=\"bullet\">Reafirmar la obligaci\u00f3n de todos los Estados partes en la Convenci\u00f3n sobre Relaciones Diplom\u00e1ticas de observar todas sus disposiciones en su totalidad.<\/li>\n<li class=\"bullet\">Reafirmar que, sin perjuicio de sus privilegios e inmunidades, es deber de todas las personas que disfrutan de esos privilegios e inmunidades respetar las leyes y reglamentos del Estado receptor, y que tambi\u00e9n tienen el deber de no interferir en los asuntos internos del Estado receptor.<\/li>\n<li class=\"bullet\">Reafirmar que los locales de las misiones diplom\u00e1ticas no deben utilizarse de forma alguna incompatible con las funciones de la misi\u00f3n, seg\u00fan lo establecido en la Convenci\u00f3n de Viena sobre Relaciones Diplom\u00e1ticas del 18 de abril de 1961, otras normas de derecho internacional general, o por cualquier norma especial. Acuerdos vigentes entre el Estado que env\u00eda y el Estado receptor.<\/li>\n<li class=\"bullet\">Exhortar a Ecuador y M\u00e9xico a iniciar un di\u00e1logo y tomar medidas inmediatas, de conformidad con el derecho internacional, para resolver este grave asunto de manera constructiva.<\/li>\n<li class=\"bullet\">Poner los buenos oficios de la Organizaci\u00f3n de los Estados Americanos a disposici\u00f3n de los Gobiernos del Ecuador y de M\u00e9xico para facilitar todos los esfuerzos que se consideren \u00fatiles.<\/li>\n<li class=\"bullet\">Encomendar al Secretario General de la Organizaci\u00f3n de los Estados Americanos que transmita la presente resoluci\u00f3n al Secretario General de las Naciones Unidas.<\/li>\n<li class=\"bullet\">Seguir ocup\u00e1ndose de este asunto y considerar nuevas medidas si fuera necesario.<\/li>\n<\/ul>\n<h2 class=\"h2-componente\">Intervenciones de los pa\u00edses<\/h2>\n<div class=\"paragraph\">\n<p>Por pedido de Colombia, se reprodujeron los videos del\u00a0ingreso de los Polic\u00edas a la embajada.<\/p>\n<p>Ecuador pidi\u00f3 que no pasen los videos porque ya hab\u00eda pasado el tiempo necesario.<\/p>\n<p>Durante la intervenci\u00f3n de Estados Unidos, el representante diplom\u00e1tico expres\u00f3 la importancia de la OEA de\u00a0mediar la reconciliaci\u00f3n entre M\u00e9xico y Ecuador.<\/p>\n<p>Rep\u00fablica Dominicana rechaz\u00f3 lo actuado por la polic\u00eda ecuatoriana, pero tambi\u00e9n hizo un llamado al adecuado uso de las instalaciones diplom\u00e1ticas.<\/p>\n<p>\u201cA nadie le cab\u00eda en la cabeza que aquello que pas\u00f3 en las peores dictaduras est\u00e9 ocurriendo\u201d, indic\u00f3 el representante colombiano, indicando que en un inicio creyeron que las noticias eran falsas.<\/p>\n<\/div>\n<h2 class=\"h2-componente\">Ecuador califica de justa la resoluci\u00f3n de la OEA<\/h2>\n<div class=\"paragraph\">\n<p>La ministra de Relaciones Exteriores, Gabriela Sommerfeld, reaccion\u00f3 a la resoluci\u00f3n de la OEA y la calific\u00f3 como justa, porque considera que se recogen tambi\u00e9n los incumplimientos por parte de M\u00e9xico.<\/p>\n<p>Las declaraciones se dieron en los exteriores de la comisi\u00f3n de Relaciones Internacionales, de la Asamblea Nacional. Dijo que no acudi\u00f3 a la OEA porque ten\u00eda otros asuntos que atender.<\/p>\n<\/div>\n<p><\/p>\n<\/body>","protected":false},"excerpt":{"rendered":"<p>La crisis diplom\u00e1tica entre Ecuador y M\u00e9xico es analizada este mi\u00e9rcoles 10 de abril ante el Consejo Permanente de la Organizaci\u00f3n de Estados Americanos (OEA). Los pa\u00edses se pronunciaron sobre una moci\u00f3n de condena a lo actuado por Ecuador con la \u200b\u200b\u200b\u200b\u200b\u200b irrupci\u00f3n de la Polic\u00eda en la Embajada de M\u00e9xico en Quito para capturar [&hellip;]<\/p>\n","protected":false},"author":4,"featured_media":12339,"comment_status":"closed","ping_status":"closed","sticky":false,"template":"","format":"standard","meta":{"om_disable_all_campaigns":false,"_joinchat":[],"footnotes":""},"categories":[40],"tags":[],"class_list":["post-12338","post","type-post","status-publish","format-standard","has-post-thumbnail","hentry","category-mundo"],"_links":{"self":[{"href":"https:\/\/zaracaytv.com\/index.php?rest_route=\/wp\/v2\/posts\/12338","targetHints":{"allow":["GET"]}}],"collection":[{"href":"https:\/\/zaracaytv.com\/index.php?rest_route=\/wp\/v2\/posts"}],"about":[{"href":"https:\/\/zaracaytv.com\/index.php?rest_route=\/wp\/v2\/types\/post"}],"author":[{"embeddable":true,"href":"https:\/\/zaracaytv.com\/index.php?rest_route=\/wp\/v2\/users\/4"}],"replies":[{"embeddable":true,"href":"https:\/\/zaracaytv.com\/index.php?rest_route=%2Fwp%2Fv2%2Fcomments&post=12338"}],"version-history":[{"count":2,"href":"https:\/\/zaracaytv.com\/index.php?rest_route=\/wp\/v2\/posts\/12338\/revisions"}],"predecessor-version":[{"id":12341,"href":"https:\/\/zaracaytv.com\/index.php?rest_route=\/wp\/v2\/posts\/12338\/revisions\/12341"}],"wp:featuredmedia":[{"embeddable":true,"href":"https:\/\/zaracaytv.com\/index.php?rest_route=\/wp\/v2\/media\/12339"}],"wp:attachment":[{"href":"https:\/\/zaracaytv.com\/index.php?rest_route=%2Fwp%2Fv2%2Fmedia&parent=12338"}],"wp:term":[{"taxonomy":"category","embeddable":true,"href":"https:\/\/zaracaytv.com\/index.php?rest_route=%2Fwp%2Fv2%2Fcategories&post=12338"},{"taxonomy":"post_tag","embeddable":true,"href":"https:\/\/zaracaytv.com\/index.php?rest_route=%2Fwp%2Fv2%2Ftags&post=12338"}],"curies":[{"name":"wp","href":"https:\/\/api.w.org\/{rel}","templated":true}]}}