{"id":12335,"date":"2024-04-10T09:56:26","date_gmt":"2024-04-10T14:56:26","guid":{"rendered":"https:\/\/zaracaytv.com\/?p=12335"},"modified":"2024-04-10T09:56:26","modified_gmt":"2024-04-10T14:56:26","slug":"analistas-energeticos-consideran-que-habra-mas-desconexiones-energeticas-en-el-pais-por-alivio-de-carga","status":"publish","type":"post","link":"https:\/\/zaracaytv.com\/?p=12335","title":{"rendered":"ANALISTAS ENERG\u00c9TICOS CONSIDERAN QUE HABR\u00c1 M\u00c1S DESCONEXIONES ENERG\u00c9TICAS EN EL PA\u00cdS POR ALIVIO DE CARGA"},"content":{"rendered":"<body><p><\/p><span style=\"font-weight: 400;\"><img loading=\"lazy\" decoding=\"async\" class=\"size-medium wp-image-12336 alignleft\" src=\"https:\/\/zaracaytv.com\/wp-content\/uploads\/2024\/04\/torres_energia3-300x200.jpg\" alt=\"\" width=\"300\" height=\"200\" loading=\"lazy\" srcset=\"https:\/\/zaracaytv.com\/wp-content\/uploads\/2024\/04\/torres_energia3-300x200.jpg 300w, https:\/\/zaracaytv.com\/wp-content\/uploads\/2024\/04\/torres_energia3-495x330.jpg 495w, https:\/\/zaracaytv.com\/wp-content\/uploads\/2024\/04\/torres_energia3-270x180.jpg 270w, https:\/\/zaracaytv.com\/wp-content\/uploads\/2024\/04\/torres_energia3.jpg 600w\" sizes=\"auto, (max-width: 300px) 100vw, 300px\" \/>Desde tempranas horas de este martes 9 de abril, la Corporaci\u00f3n Nacional de Electricidad (CNEL EP), informaba a la ciudadan\u00eda que t\u00e9cnicos trabajaban para restablecer el servicio el\u00e9ctrico en varios sectores de los cantones: Santo Domingo, La Concordia, El Carmen y Puerto Quito, debido a una falla en el sistema Nacional. Seg\u00fan el analista energ\u00e9tico Cristian Laverde los cortes energ\u00e9ticos seguir\u00e1n registr\u00e1ndose, pues son desconexiones puntuales por alivio de carga para no comprender el sistema de transmisi\u00f3n.\u00a0<\/span>\n<p><span style=\"font-weight: 400;\">El especialista en Eficiencia Energ\u00e9tica, Jean Carlos Simancas, plantea 3 escenarios para salir de la crisis energ\u00e9tica que seg\u00fan \u00e9l hay en el pa\u00eds. La primera es que entre en operaci\u00f3n la hidroel\u00e9ctrica Toachi Pilat\u00f3n que genera 200 megavatios con lo que cubrir\u00eda el d\u00e9ficit de energ\u00eda de 475 megavatios. El segundo punto es que genere energ\u00eda terrestre a trav\u00e9s de motores. Y el \u00faltimo panorama ser\u00eda apelar a Colombia para que venda electricidad.\u00a0<\/span><\/p>\n<p><span style=\"font-weight: 400;\">Laverde en cambio cree que el problema radica en que el pa\u00eds no ha desplegado m\u00e1s l\u00edneas de transmisi\u00f3n desde el a\u00f1o 2020. Pues cada a\u00f1o crece la demanda de energ\u00eda de 250 megavatios y las l\u00edneas de conducci\u00f3n no abastecen. Esto a pesar de que CENEL EP ha lanzado programas para disminuir el consumo.\u00a0<\/span><\/p>\n<p><span style=\"font-weight: 400;\">A esto se suma la Crisis Energ\u00e9tica en Colombia. El escenario se complica porque el vecino pa\u00eds ha reducido la venta de electricidad a Ecuador para cuidar sus embalses. Lo que significa que Ecuador podr\u00eda estar comprando electricidad a precios triplicados como lo hicieron meses atr\u00e1s.<\/span><\/p>\n<p>\u00a0<\/p>\n<\/body>","protected":false},"excerpt":{"rendered":"<p>Desde tempranas horas de este martes 9 de abril, la Corporaci\u00f3n Nacional de Electricidad (CNEL EP), informaba a la ciudadan\u00eda que t\u00e9cnicos trabajaban para restablecer el servicio el\u00e9ctrico en varios sectores de los cantones: Santo Domingo, La Concordia, El Carmen y Puerto Quito, debido a una falla en el sistema Nacional. Seg\u00fan el analista energ\u00e9tico [&hellip;]<\/p>\n","protected":false},"author":4,"featured_media":12336,"comment_status":"closed","ping_status":"closed","sticky":false,"template":"","format":"standard","meta":{"om_disable_all_campaigns":false,"_joinchat":[],"footnotes":""},"categories":[31],"tags":[],"class_list":["post-12335","post","type-post","status-publish","format-standard","has-post-thumbnail","hentry","category-la-region"],"_links":{"self":[{"href":"https:\/\/zaracaytv.com\/index.php?rest_route=\/wp\/v2\/posts\/12335","targetHints":{"allow":["GET"]}}],"collection":[{"href":"https:\/\/zaracaytv.com\/index.php?rest_route=\/wp\/v2\/posts"}],"about":[{"href":"https:\/\/zaracaytv.com\/index.php?rest_route=\/wp\/v2\/types\/post"}],"author":[{"embeddable":true,"href":"https:\/\/zaracaytv.com\/index.php?rest_route=\/wp\/v2\/users\/4"}],"replies":[{"embeddable":true,"href":"https:\/\/zaracaytv.com\/index.php?rest_route=%2Fwp%2Fv2%2Fcomments&post=12335"}],"version-history":[{"count":1,"href":"https:\/\/zaracaytv.com\/index.php?rest_route=\/wp\/v2\/posts\/12335\/revisions"}],"predecessor-version":[{"id":12337,"href":"https:\/\/zaracaytv.com\/index.php?rest_route=\/wp\/v2\/posts\/12335\/revisions\/12337"}],"wp:featuredmedia":[{"embeddable":true,"href":"https:\/\/zaracaytv.com\/index.php?rest_route=\/wp\/v2\/media\/12336"}],"wp:attachment":[{"href":"https:\/\/zaracaytv.com\/index.php?rest_route=%2Fwp%2Fv2%2Fmedia&parent=12335"}],"wp:term":[{"taxonomy":"category","embeddable":true,"href":"https:\/\/zaracaytv.com\/index.php?rest_route=%2Fwp%2Fv2%2Fcategories&post=12335"},{"taxonomy":"post_tag","embeddable":true,"href":"https:\/\/zaracaytv.com\/index.php?rest_route=%2Fwp%2Fv2%2Ftags&post=12335"}],"curies":[{"name":"wp","href":"https:\/\/api.w.org\/{rel}","templated":true}]}}