{"id":12330,"date":"2024-04-09T18:10:54","date_gmt":"2024-04-09T23:10:54","guid":{"rendered":"https:\/\/zaracaytv.com\/?p=12330"},"modified":"2024-04-09T18:10:54","modified_gmt":"2024-04-09T23:10:54","slug":"glas-sale-del-hospital-y-vuelve-a-la-roca","status":"publish","type":"post","link":"https:\/\/zaracaytv.com\/?p=12330","title":{"rendered":"GLAS SALE DEL HOSPITAL Y VUELVE A LA ROCA"},"content":{"rendered":"<body><p><\/p><img loading=\"lazy\" decoding=\"async\" class=\"size-medium wp-image-12331 alignleft\" src=\"https:\/\/zaracaytv.com\/wp-content\/uploads\/2024\/04\/b713dd5c628170f621418ff113baee16332ee439-300x180.jpg\" alt=\"\" width=\"300\" height=\"180\" loading=\"lazy\" srcset=\"https:\/\/zaracaytv.com\/wp-content\/uploads\/2024\/04\/b713dd5c628170f621418ff113baee16332ee439-300x180.jpg 300w, https:\/\/zaracaytv.com\/wp-content\/uploads\/2024\/04\/b713dd5c628170f621418ff113baee16332ee439-768x461.jpg 768w, https:\/\/zaracaytv.com\/wp-content\/uploads\/2024\/04\/b713dd5c628170f621418ff113baee16332ee439-550x330.jpg 550w, https:\/\/zaracaytv.com\/wp-content\/uploads\/2024\/04\/b713dd5c628170f621418ff113baee16332ee439-270x162.jpg 270w, https:\/\/zaracaytv.com\/wp-content\/uploads\/2024\/04\/b713dd5c628170f621418ff113baee16332ee439.jpg 800w\" sizes=\"auto, (max-width: 300px) 100vw, 300px\" \/>\n<p>Glas permaneci\u00f3 en observaci\u00f3n m\u00e9dica durante la \u00faltimas horas en el Hospital Naval de la ciudad de Guayaquil<\/p>\n<p>El exvicepresidente de Ecuador\u00a0Jorge Glas, detenido el pasado viernes tras una\u00a0irrupci\u00f3n\u00a0policial\u00a0en la\u00a0Embajada\u00a0de\u00a0M\u00e9xico, en Quito, fue recluido nuevamente en la\u00a0c\u00e1rcel\u00a0tras haberse recuperado en un\u00a0hospital\u00a0de una\u00a0descompensaci\u00f3n\u00a0que un parte policial atribuye a una posible\u00a0sobredosis\u00a0de\u00a0medicamentos y que las autoridades penitenciarias relacionan con su negativa a ingerir alimentos. El Servicio Nacional de Atenci\u00f3n Integral a Personas Adultas Privadas de la Libertad (SNAI), la agencia penitenciaria del Estado, indic\u00f3 sin m\u00e1s detalles que \u201cacaba de ingresar al Centro de Privaci\u00f3n de Libertad\u201d de\u00a0La\u00a0Roca, la c\u00e1rcel de m\u00e1xima seguridad del pa\u00eds. Glas\u00a0permaneci\u00f3 en observaci\u00f3n m\u00e9dica durante la \u00faltimas horas en el\u00a0Hospital Naval\u00a0de la ciudad de\u00a0Guayaquil.<\/p>\n<p>El\u00a0SNAI\u00a0se\u00f1al\u00f3 que\u00a0Glas presentaba \u201cpar\u00e1metros de salud estables y dentro del rango de normalidad\u201d, por lo que pod\u00eda recibir el alta m\u00e9dica correspondiente. La agencia penitenciaria hab\u00eda avanzado que en el transcurso de este martes, en \u201cestricto cumplimiento con los protocolos de seguridad\u201d, Glas retornar\u00e1 a La Roca, donde fue recluido despu\u00e9s de su detenci\u00f3n en la\u00a0Embajada de M\u00e9xico.<br>\nEn esa c\u00e1rcel -apunt\u00f3 el SNAI- se velar\u00e1 \u201cpor la protecci\u00f3n de la integridad f\u00edsica\u201d de Glas. Andr\u00e9s Villegas, abogado de Glas, consider\u00f3 escueto el comunicado del\u00a0SNAI\u00a0y se quej\u00f3 por la falta de informaci\u00f3n oficial sobre la situaci\u00f3n real en torno al quebranto de salud de\u00a0Glas\u00a0ocurrido el lunes.<br>\nEllo, porque un parte policial -al que tuvo acceso la defensa de Glas- menciona una presunta intoxicaci\u00f3n medicamentos, mientras que el\u00a0SNAI se refiere a una descompensaci\u00f3n por la falta de ingesta alimenticia. Villegas\u00a0dijo a EFE que esperan recibir informaci\u00f3n oficial sobre la situaci\u00f3n de salud de\u00a0Glas, que fue ministro y vicepresidente durante el mandato presidencial de Rafael Correa (2007-2017), con el que guarda amistad desde la juventud. Tambi\u00e9n fue vicepresidente de Lenin Moreno (2017-2021) en los primeros meses de su mandato. Glas, que hab\u00eda ingresado en la\u00a0Embajada de M\u00e9xico\u00a0en\u00a0Quito\u00a0en diciembre pasado, pidi\u00f3 asilo al\u00a0Estado mexicano, que se lo concedi\u00f3 el pasado viernes, y horas despu\u00e9s el\u00a0presidente de Ecuador, Daniel Noboa, orden\u00f3 el asalto policial a la sede diplom\u00e1tica para detenerlo, lo que provoc\u00f3 la ruptura de relaciones por parte de\u00a0M\u00e9xico.<\/p>\n<p>El asalto a la embajada ha recibido la condena internacional, mientras Ecuador justifica su acci\u00f3n por la lucha contra la corrupci\u00f3n, ya que Glas est\u00e1 procesado por presunta malversaci\u00f3n de fondos en un caso sobre la reconstrucci\u00f3n de la provincia de Manab\u00ed tras el terremoto de 2016, y a\u00fan debe completar una sentencia de ocho a\u00f1os en otros dos casos, por los que ya estuvo cerca de cinco a\u00f1os en prisi\u00f3n entre 2017 y 2022.<\/p>\n<\/body>","protected":false},"excerpt":{"rendered":"<p>Glas permaneci\u00f3 en observaci\u00f3n m\u00e9dica durante la \u00faltimas horas en el Hospital Naval de la ciudad de Guayaquil El exvicepresidente de Ecuador\u00a0Jorge Glas, detenido el pasado viernes tras una\u00a0irrupci\u00f3n\u00a0policial\u00a0en la\u00a0Embajada\u00a0de\u00a0M\u00e9xico, en Quito, fue recluido nuevamente en la\u00a0c\u00e1rcel\u00a0tras haberse recuperado en un\u00a0hospital\u00a0de una\u00a0descompensaci\u00f3n\u00a0que un parte policial atribuye a una posible\u00a0sobredosis\u00a0de\u00a0medicamentos y que las autoridades penitenciarias relacionan [&hellip;]<\/p>\n","protected":false},"author":4,"featured_media":12331,"comment_status":"closed","ping_status":"closed","sticky":false,"template":"","format":"standard","meta":{"om_disable_all_campaigns":false,"_joinchat":[],"footnotes":""},"categories":[30],"tags":[],"class_list":["post-12330","post","type-post","status-publish","format-standard","has-post-thumbnail","hentry","category-el-pais"],"_links":{"self":[{"href":"https:\/\/zaracaytv.com\/index.php?rest_route=\/wp\/v2\/posts\/12330","targetHints":{"allow":["GET"]}}],"collection":[{"href":"https:\/\/zaracaytv.com\/index.php?rest_route=\/wp\/v2\/posts"}],"about":[{"href":"https:\/\/zaracaytv.com\/index.php?rest_route=\/wp\/v2\/types\/post"}],"author":[{"embeddable":true,"href":"https:\/\/zaracaytv.com\/index.php?rest_route=\/wp\/v2\/users\/4"}],"replies":[{"embeddable":true,"href":"https:\/\/zaracaytv.com\/index.php?rest_route=%2Fwp%2Fv2%2Fcomments&post=12330"}],"version-history":[{"count":1,"href":"https:\/\/zaracaytv.com\/index.php?rest_route=\/wp\/v2\/posts\/12330\/revisions"}],"predecessor-version":[{"id":12332,"href":"https:\/\/zaracaytv.com\/index.php?rest_route=\/wp\/v2\/posts\/12330\/revisions\/12332"}],"wp:featuredmedia":[{"embeddable":true,"href":"https:\/\/zaracaytv.com\/index.php?rest_route=\/wp\/v2\/media\/12331"}],"wp:attachment":[{"href":"https:\/\/zaracaytv.com\/index.php?rest_route=%2Fwp%2Fv2%2Fmedia&parent=12330"}],"wp:term":[{"taxonomy":"category","embeddable":true,"href":"https:\/\/zaracaytv.com\/index.php?rest_route=%2Fwp%2Fv2%2Fcategories&post=12330"},{"taxonomy":"post_tag","embeddable":true,"href":"https:\/\/zaracaytv.com\/index.php?rest_route=%2Fwp%2Fv2%2Ftags&post=12330"}],"curies":[{"name":"wp","href":"https:\/\/api.w.org\/{rel}","templated":true}]}}