{"id":12228,"date":"2024-04-08T11:22:02","date_gmt":"2024-04-08T16:22:02","guid":{"rendered":"https:\/\/zaracaytv.com\/?p=12228"},"modified":"2024-04-08T11:22:02","modified_gmt":"2024-04-08T16:22:02","slug":"el-toque-de-queda-termino-pero-sigue-el-conflicto-armado-interno","status":"publish","type":"post","link":"https:\/\/zaracaytv.com\/?p=12228","title":{"rendered":"EL TOQUE DE QUEDA TERMIN\u00d3, PERO SIGUE EL CONFLICTO ARMADO INTERNO"},"content":{"rendered":"<body><p><\/p><img loading=\"lazy\" decoding=\"async\" class=\"size-medium wp-image-12229 alignleft\" src=\"https:\/\/zaracaytv.com\/wp-content\/uploads\/2024\/04\/El-toque-de-queda-que-regia-en-varias-ciudades-del-pais-concluye-el-domingo-7-de-abril-Significa-que-la-madrugada-del-lunes-8-se-puede-circular-libremente-300x210.jpg\" alt=\"\" width=\"300\" height=\"210\" loading=\"lazy\" srcset=\"https:\/\/zaracaytv.com\/wp-content\/uploads\/2024\/04\/El-toque-de-queda-que-regia-en-varias-ciudades-del-pais-concluye-el-domingo-7-de-abril-Significa-que-la-madrugada-del-lunes-8-se-puede-circular-libremente-300x210.jpg 300w, https:\/\/zaracaytv.com\/wp-content\/uploads\/2024\/04\/El-toque-de-queda-que-regia-en-varias-ciudades-del-pais-concluye-el-domingo-7-de-abril-Significa-que-la-madrugada-del-lunes-8-se-puede-circular-libremente-768x537.jpg 768w, https:\/\/zaracaytv.com\/wp-content\/uploads\/2024\/04\/El-toque-de-queda-que-regia-en-varias-ciudades-del-pais-concluye-el-domingo-7-de-abril-Significa-que-la-madrugada-del-lunes-8-se-puede-circular-libremente-472x330.jpg 472w, https:\/\/zaracaytv.com\/wp-content\/uploads\/2024\/04\/El-toque-de-queda-que-regia-en-varias-ciudades-del-pais-concluye-el-domingo-7-de-abril-Significa-que-la-madrugada-del-lunes-8-se-puede-circular-libremente-258x180.jpg 258w, https:\/\/zaracaytv.com\/wp-content\/uploads\/2024\/04\/El-toque-de-queda-que-regia-en-varias-ciudades-del-pais-concluye-el-domingo-7-de-abril-Significa-que-la-madrugada-del-lunes-8-se-puede-circular-libremente.jpg 1022w\" sizes=\"auto, (max-width: 300px) 100vw, 300px\" \/>\n<p>El estado de excepci\u00f3n por grave conmoci\u00f3n interna en Ecuador, decretado el 8 de enero pasado, estuvo vigente hasta las 23:59 del 6 de abril de 2024, por lo que las restricciones, como el toque de queda, tambi\u00e9n concluyeron.<\/p>\n<p>Desde el 23 de enero, la restricci\u00f3n de libre movilidad estaba vigente todav\u00eda en 61 cantones del pa\u00eds, como Quito, Guayaquil o Cuenca. En estos cantones, el toque de queda se manten\u00eda por horarios, seg\u00fan el nivel de riesgo establecido por las autoridades de seguridad.<\/p>\n<p>Entre las ciudades que ya no tendr\u00e1n toque de queda est\u00e1n tambi\u00e9n: Machala, Manta, Portoviejo, La Libertad, Santo Domingo, Esmeraldas, Riobamba, La Troncal, Lago Agrio, entre otras.<\/p>\n<p>Tambi\u00e9n termina el toque de queda en Dur\u00e1n, Samborond\u00f3n, El Triunfo, y dem\u00e1s cantones del Guayas; Babahoyo, Quevedo, Vinces, Ventanas, en Los R\u00edos.<\/p>\n<h3><strong>Se mantiene el conflicto armado interno<\/strong><\/h3>\n<p>Tras el fin del estado de excepci\u00f3n, el presidente Daniel Noboa emiti\u00f3 un nuevo decreto ejecutivo, en el que \u201creconoce la persistencia de un conflicto armado interno\u201d en el pa\u00eds. Con este decreto ejecutivo, no hay nuevas restricciones a los derechos fundamentales, como la libre movilidad.<\/p>\n<p>Sin embargo, se establece que el Ministerio de Defensa o el del Interior podr\u00e1n solicitar al presidente que declare un nuevo estado de excepci\u00f3n en el caso de requerir que se suspendan o limiten estos derechos fundamentales.<\/p>\n<p>Lo que s\u00ed implica es la presencia de militares en las c\u00e1rceles, a las que el Gobierno ha declarado zona de seguridad.<\/p>\n<p>\u00a0<\/p>\n<\/body>","protected":false},"excerpt":{"rendered":"<p>El estado de excepci\u00f3n por grave conmoci\u00f3n interna en Ecuador, decretado el 8 de enero pasado, estuvo vigente hasta las 23:59 del 6 de abril de 2024, por lo que las restricciones, como el toque de queda, tambi\u00e9n concluyeron. Desde el 23 de enero, la restricci\u00f3n de libre movilidad estaba vigente todav\u00eda en 61 cantones [&hellip;]<\/p>\n","protected":false},"author":4,"featured_media":12230,"comment_status":"closed","ping_status":"closed","sticky":false,"template":"","format":"standard","meta":{"om_disable_all_campaigns":false,"_joinchat":[],"footnotes":""},"categories":[30],"tags":[],"class_list":["post-12228","post","type-post","status-publish","format-standard","has-post-thumbnail","hentry","category-el-pais"],"_links":{"self":[{"href":"https:\/\/zaracaytv.com\/index.php?rest_route=\/wp\/v2\/posts\/12228","targetHints":{"allow":["GET"]}}],"collection":[{"href":"https:\/\/zaracaytv.com\/index.php?rest_route=\/wp\/v2\/posts"}],"about":[{"href":"https:\/\/zaracaytv.com\/index.php?rest_route=\/wp\/v2\/types\/post"}],"author":[{"embeddable":true,"href":"https:\/\/zaracaytv.com\/index.php?rest_route=\/wp\/v2\/users\/4"}],"replies":[{"embeddable":true,"href":"https:\/\/zaracaytv.com\/index.php?rest_route=%2Fwp%2Fv2%2Fcomments&post=12228"}],"version-history":[{"count":1,"href":"https:\/\/zaracaytv.com\/index.php?rest_route=\/wp\/v2\/posts\/12228\/revisions"}],"predecessor-version":[{"id":12231,"href":"https:\/\/zaracaytv.com\/index.php?rest_route=\/wp\/v2\/posts\/12228\/revisions\/12231"}],"wp:featuredmedia":[{"embeddable":true,"href":"https:\/\/zaracaytv.com\/index.php?rest_route=\/wp\/v2\/media\/12230"}],"wp:attachment":[{"href":"https:\/\/zaracaytv.com\/index.php?rest_route=%2Fwp%2Fv2%2Fmedia&parent=12228"}],"wp:term":[{"taxonomy":"category","embeddable":true,"href":"https:\/\/zaracaytv.com\/index.php?rest_route=%2Fwp%2Fv2%2Fcategories&post=12228"},{"taxonomy":"post_tag","embeddable":true,"href":"https:\/\/zaracaytv.com\/index.php?rest_route=%2Fwp%2Fv2%2Ftags&post=12228"}],"curies":[{"name":"wp","href":"https:\/\/api.w.org\/{rel}","templated":true}]}}