{"id":12217,"date":"2024-04-08T10:15:12","date_gmt":"2024-04-08T15:15:12","guid":{"rendered":"https:\/\/zaracaytv.com\/?p=12217"},"modified":"2024-04-08T10:15:12","modified_gmt":"2024-04-08T15:15:12","slug":"realizan-una-movilizacion-nacional-por-la-educacion-publica","status":"publish","type":"post","link":"https:\/\/zaracaytv.com\/?p=12217","title":{"rendered":"REALIZAN UNA MOVILIZACI\u00d3N NACIONAL POR LA EDUCACI\u00d3N P\u00daBLICA"},"content":{"rendered":"<body><p><\/p><span style=\"font-weight: 400;\"><img loading=\"lazy\" decoding=\"async\" class=\"size-medium wp-image-12218 alignleft\" src=\"https:\/\/zaracaytv.com\/wp-content\/uploads\/2024\/04\/WhatsApp-Image-2024-04-07-at-10.48.46-300x200.jpeg\" alt=\"\" width=\"300\" height=\"200\" loading=\"lazy\" srcset=\"https:\/\/zaracaytv.com\/wp-content\/uploads\/2024\/04\/WhatsApp-Image-2024-04-07-at-10.48.46-300x200.jpeg 300w, https:\/\/zaracaytv.com\/wp-content\/uploads\/2024\/04\/WhatsApp-Image-2024-04-07-at-10.48.46-1024x684.jpeg 1024w, https:\/\/zaracaytv.com\/wp-content\/uploads\/2024\/04\/WhatsApp-Image-2024-04-07-at-10.48.46-768x513.jpeg 768w, https:\/\/zaracaytv.com\/wp-content\/uploads\/2024\/04\/WhatsApp-Image-2024-04-07-at-10.48.46-1536x1025.jpeg 1536w, https:\/\/zaracaytv.com\/wp-content\/uploads\/2024\/04\/WhatsApp-Image-2024-04-07-at-10.48.46-494x330.jpeg 494w, https:\/\/zaracaytv.com\/wp-content\/uploads\/2024\/04\/WhatsApp-Image-2024-04-07-at-10.48.46-270x180.jpeg 270w, https:\/\/zaracaytv.com\/wp-content\/uploads\/2024\/04\/WhatsApp-Image-2024-04-07-at-10.48.46.jpeg 1600w\" sizes=\"auto, (max-width: 300px) 100vw, 300px\" \/>La marcha en defensa de la educaci\u00f3n p\u00fablica en todos sus niveles reuni\u00f3 a cientos de personas la ma\u00f1ana de este domingo 07 de abril, en Santo Domingo. Que se declare en emergencia el sistema educativo, es uno de los principales motivos de la marcha en contra del Gobierno de Daniel Noboa, que lideran la Uni\u00f3n Nacional de Educadores (UNE), Federaci\u00f3n de Estudiantes Secundarios del Ecuador (FESE) y la Federaci\u00f3n de Estudiantes Universitarios del Ecuador (FEUE), as\u00ed lo manifest\u00f3 Andr\u00e9s Quishpe, presidente de la UNE.<\/span>\n<p><span style=\"font-weight: 400;\">Tambi\u00e9n explic\u00f3 que no hay un plan de reinserci\u00f3n escolar, pese a que ni\u00f1os y ni\u00f1as siguen abandonando las escuelas porque son reclutados por el crimen organizado.<\/span><\/p>\n<p><span style=\"font-weight: 400;\">Nelly Padilla, Presidente Nacional de la FEUE, mencion\u00f3 que rechazan las pol\u00edticas antipopulares que ejerce el Gobierno de Daniel Noboa.<\/span><\/p>\n<p><span style=\"font-weight: 400;\">Por su parte, Kl\u00e9ber Hidalgo, se refiri\u00f3 a los despidos intempestivos e injustos de docentes<\/span><\/p>\n<p><span style=\"font-weight: 400;\">Recalcaron que continuar\u00e1n con este tipo de medidas hasta tener respuestas por parte del Gobierno<\/span><\/p>\n<p><span style=\"font-weight: 400;\">La marcha inici\u00f3 el s\u00e1bado 6 de abril, en Santo Domingo. Se tiene prevista su llegada a Quito, el d\u00eda martes 9.<\/span><\/p>\n<\/body>","protected":false},"excerpt":{"rendered":"<p>La marcha en defensa de la educaci\u00f3n p\u00fablica en todos sus niveles reuni\u00f3 a cientos de personas la ma\u00f1ana de este domingo 07 de abril, en Santo Domingo. Que se declare en emergencia el sistema educativo, es uno de los principales motivos de la marcha en contra del Gobierno de Daniel Noboa, que lideran la [&hellip;]<\/p>\n","protected":false},"author":4,"featured_media":12218,"comment_status":"closed","ping_status":"closed","sticky":false,"template":"","format":"standard","meta":{"om_disable_all_campaigns":false,"_joinchat":[],"footnotes":""},"categories":[31],"tags":[],"class_list":["post-12217","post","type-post","status-publish","format-standard","has-post-thumbnail","hentry","category-la-region"],"_links":{"self":[{"href":"https:\/\/zaracaytv.com\/index.php?rest_route=\/wp\/v2\/posts\/12217","targetHints":{"allow":["GET"]}}],"collection":[{"href":"https:\/\/zaracaytv.com\/index.php?rest_route=\/wp\/v2\/posts"}],"about":[{"href":"https:\/\/zaracaytv.com\/index.php?rest_route=\/wp\/v2\/types\/post"}],"author":[{"embeddable":true,"href":"https:\/\/zaracaytv.com\/index.php?rest_route=\/wp\/v2\/users\/4"}],"replies":[{"embeddable":true,"href":"https:\/\/zaracaytv.com\/index.php?rest_route=%2Fwp%2Fv2%2Fcomments&post=12217"}],"version-history":[{"count":1,"href":"https:\/\/zaracaytv.com\/index.php?rest_route=\/wp\/v2\/posts\/12217\/revisions"}],"predecessor-version":[{"id":12219,"href":"https:\/\/zaracaytv.com\/index.php?rest_route=\/wp\/v2\/posts\/12217\/revisions\/12219"}],"wp:featuredmedia":[{"embeddable":true,"href":"https:\/\/zaracaytv.com\/index.php?rest_route=\/wp\/v2\/media\/12218"}],"wp:attachment":[{"href":"https:\/\/zaracaytv.com\/index.php?rest_route=%2Fwp%2Fv2%2Fmedia&parent=12217"}],"wp:term":[{"taxonomy":"category","embeddable":true,"href":"https:\/\/zaracaytv.com\/index.php?rest_route=%2Fwp%2Fv2%2Fcategories&post=12217"},{"taxonomy":"post_tag","embeddable":true,"href":"https:\/\/zaracaytv.com\/index.php?rest_route=%2Fwp%2Fv2%2Ftags&post=12217"}],"curies":[{"name":"wp","href":"https:\/\/api.w.org\/{rel}","templated":true}]}}