{"id":12210,"date":"2024-04-05T20:30:27","date_gmt":"2024-04-06T01:30:27","guid":{"rendered":"https:\/\/zaracaytv.com\/?p=12210"},"modified":"2024-04-05T18:54:28","modified_gmt":"2024-04-05T23:54:28","slug":"se-cumplio-un-ano-del-triple-asesinato-en-quininde","status":"publish","type":"post","link":"https:\/\/zaracaytv.com\/?p=12210","title":{"rendered":"SE CUMPLI\u00d3 UN A\u00d1O DEL TRIPLE ASESINATO EN QUININD\u00c9"},"content":{"rendered":"<body><p><\/p><img loading=\"lazy\" decoding=\"async\" class=\"size-medium wp-image-12211 alignleft\" src=\"https:\/\/zaracaytv.com\/wp-content\/uploads\/2024\/04\/VIGI8-300x160.jpg\" alt=\"\" width=\"300\" height=\"160\" loading=\"lazy\" srcset=\"https:\/\/zaracaytv.com\/wp-content\/uploads\/2024\/04\/VIGI8-300x160.jpg 300w, https:\/\/zaracaytv.com\/wp-content\/uploads\/2024\/04\/VIGI8-1024x547.jpg 1024w, https:\/\/zaracaytv.com\/wp-content\/uploads\/2024\/04\/VIGI8-768x410.jpg 768w, https:\/\/zaracaytv.com\/wp-content\/uploads\/2024\/04\/VIGI8-570x305.jpg 570w, https:\/\/zaracaytv.com\/wp-content\/uploads\/2024\/04\/VIGI8-270x144.jpg 270w, https:\/\/zaracaytv.com\/wp-content\/uploads\/2024\/04\/VIGI8.jpg 1261w\" sizes=\"auto, (max-width: 300px) 100vw, 300px\" \/>Este 05 de abril se cumpli\u00f3 un a\u00f1o del asesinato de Yuliana Mac\u00edas, Nayeli Tapia y Denisse Reina. Ellas fueron encontradas sin vida en una fosa com\u00fan en Quinind\u00e9, provincia de Esmeraldas. En memoria a esta fecha los familiares de las v\u00edctimas realizaron una vigilia en el Parque Central Zaracay para exigir justicia, pues indican que el juez encargado de este caso estipul\u00f3 que ya no sea considerado como femicidio, sino como asesinato, debido a que no existen pruebas que vinculen sentimentalmente a los implicados con las v\u00edctimas. Este martes, 09 de abril, se desarrollar\u00e1 la audiencia de formulaci\u00f3n de cargos para dos de los sospechosos de este hecho violento que conmocion\u00f3 al pa\u00eds.\n<\/body>","protected":false},"excerpt":{"rendered":"<p>Este 05 de abril se cumpli\u00f3 un a\u00f1o del asesinato de Yuliana Mac\u00edas, Nayeli Tapia y Denisse Reina. Ellas fueron encontradas sin vida en una fosa com\u00fan en Quinind\u00e9, provincia de Esmeraldas. En memoria a esta fecha los familiares de las v\u00edctimas realizaron una vigilia en el Parque Central Zaracay para exigir justicia, pues indican [&hellip;]<\/p>\n","protected":false},"author":4,"featured_media":12211,"comment_status":"closed","ping_status":"closed","sticky":false,"template":"","format":"standard","meta":{"om_disable_all_campaigns":false,"_joinchat":[],"footnotes":""},"categories":[48],"tags":[],"class_list":["post-12210","post","type-post","status-publish","format-standard","has-post-thumbnail","hentry","category-cronica-roja"],"_links":{"self":[{"href":"https:\/\/zaracaytv.com\/index.php?rest_route=\/wp\/v2\/posts\/12210","targetHints":{"allow":["GET"]}}],"collection":[{"href":"https:\/\/zaracaytv.com\/index.php?rest_route=\/wp\/v2\/posts"}],"about":[{"href":"https:\/\/zaracaytv.com\/index.php?rest_route=\/wp\/v2\/types\/post"}],"author":[{"embeddable":true,"href":"https:\/\/zaracaytv.com\/index.php?rest_route=\/wp\/v2\/users\/4"}],"replies":[{"embeddable":true,"href":"https:\/\/zaracaytv.com\/index.php?rest_route=%2Fwp%2Fv2%2Fcomments&post=12210"}],"version-history":[{"count":1,"href":"https:\/\/zaracaytv.com\/index.php?rest_route=\/wp\/v2\/posts\/12210\/revisions"}],"predecessor-version":[{"id":12212,"href":"https:\/\/zaracaytv.com\/index.php?rest_route=\/wp\/v2\/posts\/12210\/revisions\/12212"}],"wp:featuredmedia":[{"embeddable":true,"href":"https:\/\/zaracaytv.com\/index.php?rest_route=\/wp\/v2\/media\/12211"}],"wp:attachment":[{"href":"https:\/\/zaracaytv.com\/index.php?rest_route=%2Fwp%2Fv2%2Fmedia&parent=12210"}],"wp:term":[{"taxonomy":"category","embeddable":true,"href":"https:\/\/zaracaytv.com\/index.php?rest_route=%2Fwp%2Fv2%2Fcategories&post=12210"},{"taxonomy":"post_tag","embeddable":true,"href":"https:\/\/zaracaytv.com\/index.php?rest_route=%2Fwp%2Fv2%2Ftags&post=12210"}],"curies":[{"name":"wp","href":"https:\/\/api.w.org\/{rel}","templated":true}]}}