{"id":12197,"date":"2024-04-05T17:47:28","date_gmt":"2024-04-05T22:47:28","guid":{"rendered":"https:\/\/zaracaytv.com\/?p=12197"},"modified":"2024-04-05T17:50:08","modified_gmt":"2024-04-05T22:50:08","slug":"pueden-afiliarse-al-iess-jovenes-con-menos-de-25-anos-con-un-aporte-de-usd-52","status":"publish","type":"post","link":"https:\/\/zaracaytv.com\/?p=12197","title":{"rendered":"PUEDEN AFILIARSE AL IESS J\u00d3VENES CON MENOS DE 25 A\u00d1OS CON UN APORTE DE USD 52"},"content":{"rendered":"<body><p><\/p><img loading=\"lazy\" decoding=\"async\" class=\"size-medium wp-image-12198 alignleft\" src=\"https:\/\/zaracaytv.com\/wp-content\/uploads\/2024\/04\/IESSjovenes050424-300x168.jpg\" alt=\"\" width=\"300\" height=\"168\" loading=\"lazy\" srcset=\"https:\/\/zaracaytv.com\/wp-content\/uploads\/2024\/04\/IESSjovenes050424-300x168.jpg 300w, https:\/\/zaracaytv.com\/wp-content\/uploads\/2024\/04\/IESSjovenes050424-1024x574.jpg 1024w, https:\/\/zaracaytv.com\/wp-content\/uploads\/2024\/04\/IESSjovenes050424-768x430.jpg 768w, https:\/\/zaracaytv.com\/wp-content\/uploads\/2024\/04\/IESSjovenes050424-570x319.jpg 570w, https:\/\/zaracaytv.com\/wp-content\/uploads\/2024\/04\/IESSjovenes050424-270x151.jpg 270w, https:\/\/zaracaytv.com\/wp-content\/uploads\/2024\/04\/IESSjovenes050424.jpg 1160w\" sizes=\"auto, (max-width: 300px) 100vw, 300px\" \/>\n<p>La afiliaci\u00f3n de j\u00f3venes entre 15 y 24 a\u00f1os de edad al Instituto Ecuatoriano de Seguridad Social (IESS) con un aporte mensual de USD 52 ya est\u00e1 en ejecuci\u00f3n en el IESS.<\/p>\n<p>El Consejo Directivo del IESS aprob\u00f3 el pasado 5 de marzo la resoluci\u00f3n 670, que reforma el Reglamento de Aseguramiento, Recaudaci\u00f3n y Gesti\u00f3n de Cartera del IESS, con la que entr\u00f3 en vigencia el proyecto de afiliaci\u00f3n \u2018Sub24\u2019. Seg\u00fan el IESS, el proceso de afiliaci\u00f3n arranc\u00f3 desde el 6 de marzo a trav\u00e9s de la p\u00e1gina web de la entidad y al momento tienen cerca de 1.000 nuevos afiliados j\u00f3venes.<\/p>\n<p><strong>La nueva modalidad de afiliaci\u00f3n para j\u00f3venes es posible por dos v\u00edas:<\/strong><\/p>\n<p>\u00a0<\/p>\n<ol>\n<li>Afiliaci\u00f3n sin relaci\u00f3n de dependencia, dirigida a \u2018j\u00f3venes en emprendimientos\u2019 de entre 15 y 24 a\u00f1os y 11 meses. El IESS los define como personas naturales que perciben un beneficio, trabajando de forma individual o colectiva. Tambi\u00e9n como individuos que innovan, identifican oportunidades y desarrollan proyectos.<\/li>\n<li>Afiliaci\u00f3n voluntaria, para j\u00f3venes de entre 18 y 24 a\u00f1os y 11 meses, que no sean trabajadores bajo relaci\u00f3n de dependencia, aut\u00f3nomos, profesionales en libre ejercicio, independientes, administradores o patrones de un negocio ni propietarios de empresas unipersonales.<\/li>\n<\/ol>\n<p><strong>Para ambos casos, la resoluci\u00f3n del Consejo Directivo del IESS establece lo siguiente:<\/strong><\/p>\n<p><strong>Cobertura<\/strong><\/p>\n<p>Los j\u00f3venes con emprendimientos o afiliados voluntarios menores de 25 a\u00f1os estar\u00e1n cubiertos contra las distintas contingencias determinadas en la Ley de Seguridad Social, como pensi\u00f3n, asistencia por enfermedad y maternidad, riesgos de trabajo o auxilio de funerales. Adem\u00e1s, pueden acceder a cr\u00e9ditos hipotecarios del Banco del IESS (Biess).<\/p>\n<p>Pero no podr\u00e1n acceder a la extensi\u00f3n de cobertura para dependientes, ni tampoco al seguro de cesant\u00eda ni de desempleo.<\/p>\n<p>Seg\u00fan la resoluci\u00f3n, las direcciones de los seguros de Pensiones, Salud y Riesgos del Trabajo, en coordinaci\u00f3n con las direcciones Actuarial y de Afiliaci\u00f3n y Cobertura del IESS, definir\u00e1n \u201clas condiciones y calificaci\u00f3n para la entrega de las prestaciones a las que tendr\u00e1n derecho las personas afiliadas\u201d bajo estas modalidades.<br>\n<small><\/small><\/p>\n<p><strong>Requisitos<\/strong><\/p>\n<p>Estos son los requisitos para afiliarse como independiente, si es un joven emprendedor:<\/p>\n<p>C\u00e9dula de identidad<\/p>\n<p>Tener entre 15 y 24 a\u00f1os, 11 meses de edad.<\/p>\n<p>Si desea afiliarse como joven voluntario: C\u00e9dula de identidad Tener entre 18 y 24 a\u00f1os, 11 meses de edad. El IESS registrar\u00e1 el aviso de entrada dentro del mes en que se realice la solicitud.<\/p>\n<p><strong>Aporte<\/strong><\/p>\n<p>La base de aportaci\u00f3n no podr\u00e1 ser menor al 50% del salario b\u00e1sico unificado (SBU), es decir, a USD 230, seg\u00fan el SBU vigente. Sin embargo, para el aporte al Seguro de Salud, la base de aportaci\u00f3n seguir\u00e1 siendo como m\u00ednimo el salario b\u00e1sico, de USD 460.<\/p>\n<p>Los porcentajes de primas se mantendr\u00e1n igual para los distintos seguros, pero tomando en cuenta los criterios se\u00f1alados antes. Por ejemplo, para pensiones el aporte es de 10,46% sobre la mitad del salario b\u00e1sico, pero en salud ser\u00e1 de 5,16% sobre la totalidad del salario b\u00e1sico.<\/p>\n<p>Con ello, el aporte para este 2024 de los j\u00f3venes en emprendimientos y afiliados voluntarios hasta 24 a\u00f1os queda en USD 52,3.<\/p>\n<p>El IESS notificar\u00e1 al afiliado previo a cumplir 25 a\u00f1os, para que este realice el cambio de su base de aportaci\u00f3n a la totalidad del salario b\u00e1sico, en caso de no hacerlo, la entidad se encargar\u00e1 de realizar el cambio.<\/p>\n<p>La Direcci\u00f3n Actuarial, de Investigaci\u00f3n y Estad\u00edstica del IESS anualmente revisar\u00e1 los porcentajes de primas de aportaci\u00f3n determinadas para estos segmentos de afiliaci\u00f3n, con el fin de \u201crealizar el an\u00e1lisis y estudio pertinentes respecto del incremento progresivo de los porcentajes de primas establecidos\u201d, dice la resoluci\u00f3n 670.<\/p>\n<p>Pago de aportes<\/p>\n<p>El pago de los aportes debe realizarse hasta el 15 de cada mes, seg\u00fan la Ley de Seguridad Social. Pero de no registrarse en un plazo de 60 d\u00edas, la entidad suspender\u00e1 el proceso de generaci\u00f3n de planillas y se registrar\u00e1 autom\u00e1ticamente el aviso de salida, con la fecha del \u00faltimo d\u00eda del mes cancelado.<\/p>\n<p>Por otra parte, de terminar su actividad econ\u00f3mica, el joven emprendedor debe registrar su aviso de salida en el IESS, pudiendo afiliarse nuevamente en caso de reiniciarla.<\/p>\n<\/body>","protected":false},"excerpt":{"rendered":"<p>La afiliaci\u00f3n de j\u00f3venes entre 15 y 24 a\u00f1os de edad al Instituto Ecuatoriano de Seguridad Social (IESS) con un aporte mensual de USD 52 ya est\u00e1 en ejecuci\u00f3n en el IESS. El Consejo Directivo del IESS aprob\u00f3 el pasado 5 de marzo la resoluci\u00f3n 670, que reforma el Reglamento de Aseguramiento, Recaudaci\u00f3n y Gesti\u00f3n [&hellip;]<\/p>\n","protected":false},"author":4,"featured_media":12198,"comment_status":"closed","ping_status":"closed","sticky":false,"template":"","format":"standard","meta":{"om_disable_all_campaigns":false,"_joinchat":[],"footnotes":""},"categories":[30],"tags":[],"class_list":["post-12197","post","type-post","status-publish","format-standard","has-post-thumbnail","hentry","category-el-pais"],"_links":{"self":[{"href":"https:\/\/zaracaytv.com\/index.php?rest_route=\/wp\/v2\/posts\/12197","targetHints":{"allow":["GET"]}}],"collection":[{"href":"https:\/\/zaracaytv.com\/index.php?rest_route=\/wp\/v2\/posts"}],"about":[{"href":"https:\/\/zaracaytv.com\/index.php?rest_route=\/wp\/v2\/types\/post"}],"author":[{"embeddable":true,"href":"https:\/\/zaracaytv.com\/index.php?rest_route=\/wp\/v2\/users\/4"}],"replies":[{"embeddable":true,"href":"https:\/\/zaracaytv.com\/index.php?rest_route=%2Fwp%2Fv2%2Fcomments&post=12197"}],"version-history":[{"count":1,"href":"https:\/\/zaracaytv.com\/index.php?rest_route=\/wp\/v2\/posts\/12197\/revisions"}],"predecessor-version":[{"id":12199,"href":"https:\/\/zaracaytv.com\/index.php?rest_route=\/wp\/v2\/posts\/12197\/revisions\/12199"}],"wp:featuredmedia":[{"embeddable":true,"href":"https:\/\/zaracaytv.com\/index.php?rest_route=\/wp\/v2\/media\/12198"}],"wp:attachment":[{"href":"https:\/\/zaracaytv.com\/index.php?rest_route=%2Fwp%2Fv2%2Fmedia&parent=12197"}],"wp:term":[{"taxonomy":"category","embeddable":true,"href":"https:\/\/zaracaytv.com\/index.php?rest_route=%2Fwp%2Fv2%2Fcategories&post=12197"},{"taxonomy":"post_tag","embeddable":true,"href":"https:\/\/zaracaytv.com\/index.php?rest_route=%2Fwp%2Fv2%2Ftags&post=12197"}],"curies":[{"name":"wp","href":"https:\/\/api.w.org\/{rel}","templated":true}]}}