{"id":12189,"date":"2024-04-05T16:32:50","date_gmt":"2024-04-05T21:32:50","guid":{"rendered":"https:\/\/zaracaytv.com\/?p=12189"},"modified":"2024-04-05T16:32:50","modified_gmt":"2024-04-05T21:32:50","slug":"la-mayoria-de-los-precios-de-los-vegetales-y-tuberculos-no-han-subido-de-precio","status":"publish","type":"post","link":"https:\/\/zaracaytv.com\/?p=12189","title":{"rendered":"LA MAYOR\u00cdA DE LOS PRECIOS DE LOS VEGETALES Y TUB\u00c9RCULOS NO HAN SUBIDO DE PRECIO"},"content":{"rendered":"<body><p><\/p><span style=\"font-weight: 400;\"><img loading=\"lazy\" decoding=\"async\" class=\"size-medium wp-image-12191 alignleft\" src=\"https:\/\/zaracaytv.com\/wp-content\/uploads\/2024\/04\/PRODUDD-300x173.jpg\" alt=\"\" width=\"300\" height=\"173\" loading=\"lazy\" srcset=\"https:\/\/zaracaytv.com\/wp-content\/uploads\/2024\/04\/PRODUDD-300x173.jpg 300w, https:\/\/zaracaytv.com\/wp-content\/uploads\/2024\/04\/PRODUDD-1024x590.jpg 1024w, https:\/\/zaracaytv.com\/wp-content\/uploads\/2024\/04\/PRODUDD-768x443.jpg 768w, https:\/\/zaracaytv.com\/wp-content\/uploads\/2024\/04\/PRODUDD-570x328.jpg 570w, https:\/\/zaracaytv.com\/wp-content\/uploads\/2024\/04\/PRODUDD-270x156.jpg 270w, https:\/\/zaracaytv.com\/wp-content\/uploads\/2024\/04\/PRODUDD.jpg 1161w\" sizes=\"auto, (max-width: 300px) 100vw, 300px\" \/>A 5 d\u00edas del alza del IVA al 15% la mayor\u00eda de los vegetales y tub\u00e9rculos no han incrementado su valor, se mantienen. En el mercado mayorista Santo Domingo los comerciantes se encuentran expectantes del abastecimiento de la mercader\u00eda, consideran que en situaciones como estas, los mayoristas esconden el producto para luego venderlo a mayor costo. No obstante, indican que solo la cebolla y el lim\u00f3n han aumentado su precio, as\u00ed lo indic\u00f3 Vilma Velasco, comerciante de este centro de abasto.\u00a0<\/span>\n<p><span style=\"font-weight: 400;\">Adem\u00e1s, los comerciantes indican que aunque el Gobierno ha manifestado que los productos de la Canasta B\u00e1sica Familiar no iban aumentar con el incremento del IVA al 15%, el generador de la carga encarece los precios, debido a la subida del precio de los combustibles. A\u00f1aden tambi\u00e9n que la mayor\u00eda de vegetales y tub\u00e9rculos son tra\u00eddos desde Ambato, en donde actualmente hay escasez.\u00a0<\/span><\/p>\n<p><span style=\"font-weight: 400;\">Por su parte, la ciudadan\u00eda considera que los precios se mantienen y no han notado ning\u00fan incremento. Sin embargo, se mantienen preocupados de que los mismos suban, mientras se estabiliza el incremento del IVA.\u00a0<\/span><\/p>\n<p><span style=\"font-weight: 400;\">En el mercado mayorista Santo Domingo los productos no han incrementado su valor. Los comerciantes de este centro de abasto extienden la cordial invitaci\u00f3n a la ciudadan\u00eda a que se acerquen a este lugar para que realicen sus compras, indicando que el comercio informal ha sido un factor para que sus ventas disminuyan. Tambi\u00e9n, piden a la Intendencia de Polic\u00eda que realice operativos de control de precios en los Mercados Mayoristas para que no exista la especulaci\u00f3n.<\/span><\/p>\n<p>\u00a0<\/p>\n<\/body>","protected":false},"excerpt":{"rendered":"<p>A 5 d\u00edas del alza del IVA al 15% la mayor\u00eda de los vegetales y tub\u00e9rculos no han incrementado su valor, se mantienen. En el mercado mayorista Santo Domingo los comerciantes se encuentran expectantes del abastecimiento de la mercader\u00eda, consideran que en situaciones como estas, los mayoristas esconden el producto para luego venderlo a mayor [&hellip;]<\/p>\n","protected":false},"author":4,"featured_media":12191,"comment_status":"closed","ping_status":"closed","sticky":false,"template":"","format":"standard","meta":{"om_disable_all_campaigns":false,"_joinchat":[],"footnotes":""},"categories":[31],"tags":[],"class_list":["post-12189","post","type-post","status-publish","format-standard","has-post-thumbnail","hentry","category-la-region"],"_links":{"self":[{"href":"https:\/\/zaracaytv.com\/index.php?rest_route=\/wp\/v2\/posts\/12189","targetHints":{"allow":["GET"]}}],"collection":[{"href":"https:\/\/zaracaytv.com\/index.php?rest_route=\/wp\/v2\/posts"}],"about":[{"href":"https:\/\/zaracaytv.com\/index.php?rest_route=\/wp\/v2\/types\/post"}],"author":[{"embeddable":true,"href":"https:\/\/zaracaytv.com\/index.php?rest_route=\/wp\/v2\/users\/4"}],"replies":[{"embeddable":true,"href":"https:\/\/zaracaytv.com\/index.php?rest_route=%2Fwp%2Fv2%2Fcomments&post=12189"}],"version-history":[{"count":1,"href":"https:\/\/zaracaytv.com\/index.php?rest_route=\/wp\/v2\/posts\/12189\/revisions"}],"predecessor-version":[{"id":12192,"href":"https:\/\/zaracaytv.com\/index.php?rest_route=\/wp\/v2\/posts\/12189\/revisions\/12192"}],"wp:featuredmedia":[{"embeddable":true,"href":"https:\/\/zaracaytv.com\/index.php?rest_route=\/wp\/v2\/media\/12191"}],"wp:attachment":[{"href":"https:\/\/zaracaytv.com\/index.php?rest_route=%2Fwp%2Fv2%2Fmedia&parent=12189"}],"wp:term":[{"taxonomy":"category","embeddable":true,"href":"https:\/\/zaracaytv.com\/index.php?rest_route=%2Fwp%2Fv2%2Fcategories&post=12189"},{"taxonomy":"post_tag","embeddable":true,"href":"https:\/\/zaracaytv.com\/index.php?rest_route=%2Fwp%2Fv2%2Ftags&post=12189"}],"curies":[{"name":"wp","href":"https:\/\/api.w.org\/{rel}","templated":true}]}}