{"id":12186,"date":"2024-04-05T16:24:52","date_gmt":"2024-04-05T21:24:52","guid":{"rendered":"https:\/\/zaracaytv.com\/?p=12186"},"modified":"2024-04-05T16:24:52","modified_gmt":"2024-04-05T21:24:52","slug":"el-gobierno-pretende-destinar-la-responsabilidad-de-la-seguridad-a-los-gobiernos-locales","status":"publish","type":"post","link":"https:\/\/zaracaytv.com\/?p=12186","title":{"rendered":"EL GOBIERNO PRETENDE DESTINAR LA RESPONSABILIDAD DE LA SEGURIDAD A LOS GOBIERNOS LOCALES"},"content":{"rendered":"<body><p><\/p><img loading=\"lazy\" decoding=\"async\" class=\"size-medium wp-image-12187 alignleft\" src=\"https:\/\/zaracaytv.com\/wp-content\/uploads\/2024\/04\/SEGURIDAD-300x186.jpg\" alt=\"\" width=\"300\" height=\"186\" loading=\"lazy\" srcset=\"https:\/\/zaracaytv.com\/wp-content\/uploads\/2024\/04\/SEGURIDAD-300x186.jpg 300w, https:\/\/zaracaytv.com\/wp-content\/uploads\/2024\/04\/SEGURIDAD-1024x636.jpg 1024w, https:\/\/zaracaytv.com\/wp-content\/uploads\/2024\/04\/SEGURIDAD-768x477.jpg 768w, https:\/\/zaracaytv.com\/wp-content\/uploads\/2024\/04\/SEGURIDAD-531x330.jpg 531w, https:\/\/zaracaytv.com\/wp-content\/uploads\/2024\/04\/SEGURIDAD-270x168.jpg 270w, https:\/\/zaracaytv.com\/wp-content\/uploads\/2024\/04\/SEGURIDAD.jpg 1041w\" sizes=\"auto, (max-width: 300px) 100vw, 300px\" \/>El ministerio de Gobierno y del Interior presentaron el programa para la Gobernaci\u00f3n Local y Seguridad Ciudadana, el cual pretende representar una modalidad de Gobierno en territorio. El Alcalde de Santo Domingo, Wilson Erazo, indic\u00f3 que con el presupuesto anual recaudado por la Tasa de Seguridad Ciudadana, la cual corresponde a $12 que se recauda con el impuesto predial, el Consejo de Seguridad logr\u00f3 adquirir motos y camionetas para fortalecer el accionar de la Polic\u00eda Nacional en el sector urbano y rural del cant\u00f3n.\n<p>No obstante, se\u00f1al\u00f3 que la seguridad no es una competencia de los gobiernos locales, por lo que actuar como primera autoridad y destinar las acciones a ejecutar le quitar\u00eda autonom\u00eda al Gobierno central y tampoco cuentan con los suficientes recursos para asumirla como tal. La propuesta llega en medio de los pedidos de protecci\u00f3n para las autoridades locales que han sufrido atentados terroristas en los \u00faltimos meses, el burgomaestre se\u00f1al\u00f3 que los funcionarios p\u00fablicos del cant\u00f3n no requieren de ning\u00fan tipo de protecci\u00f3n, cree que los actos violentos suscitados en otras provincias estar\u00edan relacionados a actos de corrupci\u00f3n y negocios turbios.<\/p>\n<p>Para el experto en seguridad, Miguel Orellana, la propuesta del Gobierno no est\u00e1 bien estructurada y carece de pol\u00edticas p\u00fablicas.<\/p>\n<p>Aunque a\u00fan se trata de un programa de articulaci\u00f3n de autoridades locales para que atiendan los problemas de seguridad en sus territorios, el Ministerio de Gobierno y del Interior debe dotar de los marcos legales correspondientes para que se cumpla la medida.<\/p>\n<\/body>","protected":false},"excerpt":{"rendered":"<p>El ministerio de Gobierno y del Interior presentaron el programa para la Gobernaci\u00f3n Local y Seguridad Ciudadana, el cual pretende representar una modalidad de Gobierno en territorio. El Alcalde de Santo Domingo, Wilson Erazo, indic\u00f3 que con el presupuesto anual recaudado por la Tasa de Seguridad Ciudadana, la cual corresponde a $12 que se recauda [&hellip;]<\/p>\n","protected":false},"author":4,"featured_media":12187,"comment_status":"closed","ping_status":"closed","sticky":false,"template":"","format":"standard","meta":{"om_disable_all_campaigns":false,"_joinchat":[],"footnotes":""},"categories":[31],"tags":[],"class_list":["post-12186","post","type-post","status-publish","format-standard","has-post-thumbnail","hentry","category-la-region"],"_links":{"self":[{"href":"https:\/\/zaracaytv.com\/index.php?rest_route=\/wp\/v2\/posts\/12186","targetHints":{"allow":["GET"]}}],"collection":[{"href":"https:\/\/zaracaytv.com\/index.php?rest_route=\/wp\/v2\/posts"}],"about":[{"href":"https:\/\/zaracaytv.com\/index.php?rest_route=\/wp\/v2\/types\/post"}],"author":[{"embeddable":true,"href":"https:\/\/zaracaytv.com\/index.php?rest_route=\/wp\/v2\/users\/4"}],"replies":[{"embeddable":true,"href":"https:\/\/zaracaytv.com\/index.php?rest_route=%2Fwp%2Fv2%2Fcomments&post=12186"}],"version-history":[{"count":1,"href":"https:\/\/zaracaytv.com\/index.php?rest_route=\/wp\/v2\/posts\/12186\/revisions"}],"predecessor-version":[{"id":12188,"href":"https:\/\/zaracaytv.com\/index.php?rest_route=\/wp\/v2\/posts\/12186\/revisions\/12188"}],"wp:featuredmedia":[{"embeddable":true,"href":"https:\/\/zaracaytv.com\/index.php?rest_route=\/wp\/v2\/media\/12187"}],"wp:attachment":[{"href":"https:\/\/zaracaytv.com\/index.php?rest_route=%2Fwp%2Fv2%2Fmedia&parent=12186"}],"wp:term":[{"taxonomy":"category","embeddable":true,"href":"https:\/\/zaracaytv.com\/index.php?rest_route=%2Fwp%2Fv2%2Fcategories&post=12186"},{"taxonomy":"post_tag","embeddable":true,"href":"https:\/\/zaracaytv.com\/index.php?rest_route=%2Fwp%2Fv2%2Ftags&post=12186"}],"curies":[{"name":"wp","href":"https:\/\/api.w.org\/{rel}","templated":true}]}}