{"id":11984,"date":"2024-04-01T12:03:56","date_gmt":"2024-04-01T17:03:56","guid":{"rendered":"https:\/\/zaracaytv.com\/?p=11984"},"modified":"2024-04-01T12:03:56","modified_gmt":"2024-04-01T17:03:56","slug":"no-se-renovara-el-estado-de-excepcion-y-delegara-la-seguridad-a-ciertos-gobiernos-locales","status":"publish","type":"post","link":"https:\/\/zaracaytv.com\/?p=11984","title":{"rendered":"NO SE RENOVAR\u00c1 EL ESTADO DE EXCEPCI\u00d3N Y DELEGAR\u00c1 LA SEGURIDAD A CIERTOS GOBIERNOS LOCALES"},"content":{"rendered":"<body><p><\/p><img loading=\"lazy\" decoding=\"async\" class=\"size-medium wp-image-11985 alignleft\" src=\"https:\/\/zaracaytv.com\/wp-content\/uploads\/2024\/04\/2024013091812-recorrido-militares_1369054_20240207195058-300x169.jpg\" alt=\"\" width=\"300\" height=\"169\" loading=\"lazy\" srcset=\"https:\/\/zaracaytv.com\/wp-content\/uploads\/2024\/04\/2024013091812-recorrido-militares_1369054_20240207195058-300x169.jpg 300w, https:\/\/zaracaytv.com\/wp-content\/uploads\/2024\/04\/2024013091812-recorrido-militares_1369054_20240207195058-570x321.jpg 570w, https:\/\/zaracaytv.com\/wp-content\/uploads\/2024\/04\/2024013091812-recorrido-militares_1369054_20240207195058-270x152.jpg 270w, https:\/\/zaracaytv.com\/wp-content\/uploads\/2024\/04\/2024013091812-recorrido-militares_1369054_20240207195058.jpg 768w\" sizes=\"auto, (max-width: 300px) 100vw, 300px\" \/>\n<p>M\u00f3nica Palencia, ministra del Gobierno e Interior, apunt\u00f3 en rueda de prensa que el gobierno\u00a0no puede renovar el estado de excepci\u00f3n, decretado el pasado 8 de enero, porque as\u00ed lo dispone la Constituci\u00f3n.<\/p>\n<p>\u201cEl estado de excepci\u00f3n\u00a0va a terminar porque as\u00ed lo ordena constitucionalmente nuestra ley\u201d, coment\u00f3.<\/p>\n<p>Tambi\u00e9n se refiri\u00f3 sobre una sentencia de la Corte Constitucional, que refiere que la situaci\u00f3n de Ecuador no es una excepcionalidad, porque el crimen avanz\u00f3 tanto que se convirti\u00f3 en normalidad.<\/p>\n<p>Adelant\u00f3 que el gobierno\u00a0est\u00e1 explorando medidas para mantener a los militares en las calles. \u201cHay otras posibilidades de resolver los temas bajo otro marco jur\u00eddico\u201d, dijo.<\/p>\n<p>Estas declaraciones fueron realizadas durante la presentaci\u00f3n del nuevo programa para la Gobernanza Local y Seguridad Ciudadana, que tiene la meta de fortalecer el trabajo del Estado en territorio junto a la gente, gobernadores y prefectos.<\/p>\n<p>Esta modalidad de reuni\u00f3n se realizar\u00e1 pr\u00f3ximamente en las ciudades de Machala, Manta, Azogues, Quito, Esmeraldas y Puyo.<\/p>\n<p>Palencia tambi\u00e9n se refiri\u00f3 al violento fin de semana que vivi\u00f3 Ecuador, en el que\u00a0se produjeron masacres y ataques armados en Manab\u00ed y Guayas.<\/p>\n<p>\u201cNo podemos hablar de\u00a0una contenci\u00f3n fallida porque un fin de semana aumentaron las muertes violentas\u201d, coment\u00f3.<\/p>\n<p>Tambi\u00e9n se\u00f1al\u00f3 que la corrupci\u00f3n que est\u00e1 arraigada en el Estado representa un desaf\u00edo a largo plazo.<\/p>\n<\/body>","protected":false},"excerpt":{"rendered":"<p>M\u00f3nica Palencia, ministra del Gobierno e Interior, apunt\u00f3 en rueda de prensa que el gobierno\u00a0no puede renovar el estado de excepci\u00f3n, decretado el pasado 8 de enero, porque as\u00ed lo dispone la Constituci\u00f3n. \u201cEl estado de excepci\u00f3n\u00a0va a terminar porque as\u00ed lo ordena constitucionalmente nuestra ley\u201d, coment\u00f3. Tambi\u00e9n se refiri\u00f3 sobre una sentencia de la [&hellip;]<\/p>\n","protected":false},"author":4,"featured_media":11985,"comment_status":"closed","ping_status":"closed","sticky":false,"template":"","format":"standard","meta":{"om_disable_all_campaigns":false,"_joinchat":[],"footnotes":""},"categories":[30],"tags":[],"class_list":["post-11984","post","type-post","status-publish","format-standard","has-post-thumbnail","hentry","category-el-pais"],"_links":{"self":[{"href":"https:\/\/zaracaytv.com\/index.php?rest_route=\/wp\/v2\/posts\/11984","targetHints":{"allow":["GET"]}}],"collection":[{"href":"https:\/\/zaracaytv.com\/index.php?rest_route=\/wp\/v2\/posts"}],"about":[{"href":"https:\/\/zaracaytv.com\/index.php?rest_route=\/wp\/v2\/types\/post"}],"author":[{"embeddable":true,"href":"https:\/\/zaracaytv.com\/index.php?rest_route=\/wp\/v2\/users\/4"}],"replies":[{"embeddable":true,"href":"https:\/\/zaracaytv.com\/index.php?rest_route=%2Fwp%2Fv2%2Fcomments&post=11984"}],"version-history":[{"count":1,"href":"https:\/\/zaracaytv.com\/index.php?rest_route=\/wp\/v2\/posts\/11984\/revisions"}],"predecessor-version":[{"id":11986,"href":"https:\/\/zaracaytv.com\/index.php?rest_route=\/wp\/v2\/posts\/11984\/revisions\/11986"}],"wp:featuredmedia":[{"embeddable":true,"href":"https:\/\/zaracaytv.com\/index.php?rest_route=\/wp\/v2\/media\/11985"}],"wp:attachment":[{"href":"https:\/\/zaracaytv.com\/index.php?rest_route=%2Fwp%2Fv2%2Fmedia&parent=11984"}],"wp:term":[{"taxonomy":"category","embeddable":true,"href":"https:\/\/zaracaytv.com\/index.php?rest_route=%2Fwp%2Fv2%2Fcategories&post=11984"},{"taxonomy":"post_tag","embeddable":true,"href":"https:\/\/zaracaytv.com\/index.php?rest_route=%2Fwp%2Fv2%2Ftags&post=11984"}],"curies":[{"name":"wp","href":"https:\/\/api.w.org\/{rel}","templated":true}]}}