{"id":11976,"date":"2024-04-01T11:12:20","date_gmt":"2024-04-01T16:12:20","guid":{"rendered":"https:\/\/zaracaytv.com\/?p=11976"},"modified":"2024-04-01T11:12:20","modified_gmt":"2024-04-01T16:12:20","slug":"feligreses-participaron-en-el-viacrucis-por-semana-santa","status":"publish","type":"post","link":"https:\/\/zaracaytv.com\/?p=11976","title":{"rendered":"FELIGRESES PARTICIPARON EN EL VIACRUCIS POR SEMANA SANTA"},"content":{"rendered":"<body><p><\/p><span style=\"font-weight: 400;\"><img loading=\"lazy\" decoding=\"async\" class=\"size-medium wp-image-11977 alignleft\" src=\"https:\/\/zaracaytv.com\/wp-content\/uploads\/2024\/04\/MAS-DE-MIL-PERSONAS-FUERON-PARTE-DEL-VIACRUCIS-300x169.jpg\" alt=\"\" width=\"300\" height=\"169\" loading=\"lazy\" srcset=\"https:\/\/zaracaytv.com\/wp-content\/uploads\/2024\/04\/MAS-DE-MIL-PERSONAS-FUERON-PARTE-DEL-VIACRUCIS-300x169.jpg 300w, https:\/\/zaracaytv.com\/wp-content\/uploads\/2024\/04\/MAS-DE-MIL-PERSONAS-FUERON-PARTE-DEL-VIACRUCIS-1024x576.jpg 1024w, https:\/\/zaracaytv.com\/wp-content\/uploads\/2024\/04\/MAS-DE-MIL-PERSONAS-FUERON-PARTE-DEL-VIACRUCIS-768x432.jpg 768w, https:\/\/zaracaytv.com\/wp-content\/uploads\/2024\/04\/MAS-DE-MIL-PERSONAS-FUERON-PARTE-DEL-VIACRUCIS-1536x864.jpg 1536w, https:\/\/zaracaytv.com\/wp-content\/uploads\/2024\/04\/MAS-DE-MIL-PERSONAS-FUERON-PARTE-DEL-VIACRUCIS-570x321.jpg 570w, https:\/\/zaracaytv.com\/wp-content\/uploads\/2024\/04\/MAS-DE-MIL-PERSONAS-FUERON-PARTE-DEL-VIACRUCIS-270x152.jpg 270w, https:\/\/zaracaytv.com\/wp-content\/uploads\/2024\/04\/MAS-DE-MIL-PERSONAS-FUERON-PARTE-DEL-VIACRUCIS.jpg 1920w\" sizes=\"auto, (max-width: 300px) 100vw, 300px\" \/>Cargando una enorme cruz de madera por varias calles de Santo Domingo fue como se represent\u00f3 el calvario que vivi\u00f3 Jes\u00fas antes de ser crucificado. El llamado viacrucis de desarroll\u00f3 por varios accesos, uno de ellos la avenida 29 de Mayo donde cerca de 2 mil personas segu\u00edan cada paso la caracterizaci\u00f3n que hizo en alusi\u00f3n a la pasi\u00f3n, muerte y resurrecci\u00f3n de esta divinidad explic\u00f3 Franco Benavides, p\u00e1rroco de la iglesia Ascensi\u00f3n del Se\u00f1or.<\/span>\n<p><span style=\"font-weight: 400;\">Quienes fueron parte del viacrucis que inici\u00f3 con una gran asistencia de feligreses en el parque Zaracay en la iglesia Ascensi\u00f3n del Se\u00f1or resaltaron la importancia de este suceso para el catolicismo. Muchos entre oraciones y cargando cuadros rindieron su devoci\u00f3n al se\u00f1or.<\/span><\/p>\n<p><span style=\"font-weight: 400;\">Para el catolicismo esta importante acci\u00f3n de Jes\u00fas durante su ascenso al Monte Calvario, donde fue azotado e insultado, representa su amor hacia la humanidad, mencion\u00f3 Benavides.<\/span><\/p>\n<p><span style=\"font-weight: 400;\">14 fueron las estaciones por donde pas\u00f3 Jes\u00fas cargando la cruz. En cada una de ellas se construy\u00f3 un altar que hac\u00eda referencia al sacrificio que hizo.<\/span><\/p>\n<p><iframe title=\"Feligreses participaron en el viacrucis por Semana Santa | Noticias | Zaracay TV\" width=\"800\" height=\"450\" src=\"https:\/\/www.youtube.com\/embed\/W7YkXJZnvP0?feature=oembed\" frameborder=\"0\" allow=\"accelerometer; autoplay; clipboard-write; encrypted-media; gyroscope; picture-in-picture; web-share\" referrerpolicy=\"strict-origin-when-cross-origin\" allowfullscreen><\/iframe><\/p>\n<\/body>","protected":false},"excerpt":{"rendered":"<p>Cargando una enorme cruz de madera por varias calles de Santo Domingo fue como se represent\u00f3 el calvario que vivi\u00f3 Jes\u00fas antes de ser crucificado. El llamado viacrucis de desarroll\u00f3 por varios accesos, uno de ellos la avenida 29 de Mayo donde cerca de 2 mil personas segu\u00edan cada paso la caracterizaci\u00f3n que hizo en [&hellip;]<\/p>\n","protected":false},"author":4,"featured_media":11977,"comment_status":"closed","ping_status":"closed","sticky":false,"template":"","format":"standard","meta":{"om_disable_all_campaigns":false,"_joinchat":[],"footnotes":""},"categories":[31],"tags":[],"class_list":["post-11976","post","type-post","status-publish","format-standard","has-post-thumbnail","hentry","category-la-region"],"_links":{"self":[{"href":"https:\/\/zaracaytv.com\/index.php?rest_route=\/wp\/v2\/posts\/11976","targetHints":{"allow":["GET"]}}],"collection":[{"href":"https:\/\/zaracaytv.com\/index.php?rest_route=\/wp\/v2\/posts"}],"about":[{"href":"https:\/\/zaracaytv.com\/index.php?rest_route=\/wp\/v2\/types\/post"}],"author":[{"embeddable":true,"href":"https:\/\/zaracaytv.com\/index.php?rest_route=\/wp\/v2\/users\/4"}],"replies":[{"embeddable":true,"href":"https:\/\/zaracaytv.com\/index.php?rest_route=%2Fwp%2Fv2%2Fcomments&post=11976"}],"version-history":[{"count":1,"href":"https:\/\/zaracaytv.com\/index.php?rest_route=\/wp\/v2\/posts\/11976\/revisions"}],"predecessor-version":[{"id":11978,"href":"https:\/\/zaracaytv.com\/index.php?rest_route=\/wp\/v2\/posts\/11976\/revisions\/11978"}],"wp:featuredmedia":[{"embeddable":true,"href":"https:\/\/zaracaytv.com\/index.php?rest_route=\/wp\/v2\/media\/11977"}],"wp:attachment":[{"href":"https:\/\/zaracaytv.com\/index.php?rest_route=%2Fwp%2Fv2%2Fmedia&parent=11976"}],"wp:term":[{"taxonomy":"category","embeddable":true,"href":"https:\/\/zaracaytv.com\/index.php?rest_route=%2Fwp%2Fv2%2Fcategories&post=11976"},{"taxonomy":"post_tag","embeddable":true,"href":"https:\/\/zaracaytv.com\/index.php?rest_route=%2Fwp%2Fv2%2Ftags&post=11976"}],"curies":[{"name":"wp","href":"https:\/\/api.w.org\/{rel}","templated":true}]}}