{"id":11971,"date":"2024-04-01T10:52:44","date_gmt":"2024-04-01T15:52:44","guid":{"rendered":"https:\/\/zaracaytv.com\/?p=11971"},"modified":"2024-04-01T10:52:44","modified_gmt":"2024-04-01T15:52:44","slug":"un-herido-dejo-un-accidente-de-transito-en-santo-domingo","status":"publish","type":"post","link":"https:\/\/zaracaytv.com\/?p=11971","title":{"rendered":"UN HERIDO DEJ\u00d3 UN ACCIDENTE DE TR\u00c1NSITO EN SANTO DOMINGO"},"content":{"rendered":"<body><p><\/p><span style=\"font-weight: 400;\"><img loading=\"lazy\" decoding=\"async\" class=\"size-medium wp-image-11972 alignleft\" src=\"https:\/\/zaracaytv.com\/wp-content\/uploads\/2024\/04\/ACCIDENTE-EN-AV.-ABRAHAM-CALAZACON-Y-TSAFIQUI-300x169.jpg\" alt=\"\" width=\"300\" height=\"169\" loading=\"lazy\" srcset=\"https:\/\/zaracaytv.com\/wp-content\/uploads\/2024\/04\/ACCIDENTE-EN-AV.-ABRAHAM-CALAZACON-Y-TSAFIQUI-300x169.jpg 300w, https:\/\/zaracaytv.com\/wp-content\/uploads\/2024\/04\/ACCIDENTE-EN-AV.-ABRAHAM-CALAZACON-Y-TSAFIQUI-1024x576.jpg 1024w, https:\/\/zaracaytv.com\/wp-content\/uploads\/2024\/04\/ACCIDENTE-EN-AV.-ABRAHAM-CALAZACON-Y-TSAFIQUI-768x432.jpg 768w, https:\/\/zaracaytv.com\/wp-content\/uploads\/2024\/04\/ACCIDENTE-EN-AV.-ABRAHAM-CALAZACON-Y-TSAFIQUI-1536x864.jpg 1536w, https:\/\/zaracaytv.com\/wp-content\/uploads\/2024\/04\/ACCIDENTE-EN-AV.-ABRAHAM-CALAZACON-Y-TSAFIQUI-570x321.jpg 570w, https:\/\/zaracaytv.com\/wp-content\/uploads\/2024\/04\/ACCIDENTE-EN-AV.-ABRAHAM-CALAZACON-Y-TSAFIQUI-270x152.jpg 270w, https:\/\/zaracaytv.com\/wp-content\/uploads\/2024\/04\/ACCIDENTE-EN-AV.-ABRAHAM-CALAZACON-Y-TSAFIQUI.jpg 1920w\" sizes=\"auto, (max-width: 300px) 100vw, 300px\" \/>Destruida qued\u00f3 la parte frontal de esta camioneta despu\u00e9s de haber chocado con este cami\u00f3n entre las Av. Abraham Calazac\u00f3n y Tsafiqui el viernes 29 de marzo. Gonzalo Gaona, copiloto del veh\u00edculo rojo y quien result\u00f3 herido durante el accidente mencion\u00f3 que si no frenaban a raya hubieran muerto, pues el conductor del otro automotor circulaba a gran velocidad.<\/span>\n<p><span style=\"font-weight: 400;\">El accidente, al parecer, se dio por la inoperancia de los sem\u00e1foros ubicados entre est\u00e1s dos avenidas explic\u00f3 Ana Toala, agente de tr\u00e1nsito, quien respondi\u00f3 a la emergencia.\u00a0<\/span><\/p>\n<p><span style=\"font-weight: 400;\">Entre dos y tres accidentes mencionan que ocurren a diario los habitantes de la zona, pues no es la primera vez que estos sem\u00e1foros fallan. Piden a las autoridades intervenir los mismos.<\/span><\/p>\n<p><span style=\"font-weight: 400;\">Los veh\u00edculos fueron trasladados hasta los patios de retenci\u00f3n de la Empresa de Transporte, mientras que quienes conduc\u00edan el cami\u00f3n fueron retenidos por los agentes de tr\u00e1nsito.\u00a0<\/span><\/p>\n<p>\u00a0<\/p>\n<p><iframe title=\"Un herido dej\u00f3 un accidente de tr\u00e1nsito en Santo Domingo | Noticias | Zaracay TV\" width=\"800\" height=\"450\" src=\"https:\/\/www.youtube.com\/embed\/5o9WqydZecI?feature=oembed\" frameborder=\"0\" allow=\"accelerometer; autoplay; clipboard-write; encrypted-media; gyroscope; picture-in-picture; web-share\" referrerpolicy=\"strict-origin-when-cross-origin\" allowfullscreen><\/iframe><\/p>\n<\/body>","protected":false},"excerpt":{"rendered":"<p>Destruida qued\u00f3 la parte frontal de esta camioneta despu\u00e9s de haber chocado con este cami\u00f3n entre las Av. Abraham Calazac\u00f3n y Tsafiqui el viernes 29 de marzo. Gonzalo Gaona, copiloto del veh\u00edculo rojo y quien result\u00f3 herido durante el accidente mencion\u00f3 que si no frenaban a raya hubieran muerto, pues el conductor del otro automotor [&hellip;]<\/p>\n","protected":false},"author":4,"featured_media":11972,"comment_status":"closed","ping_status":"closed","sticky":false,"template":"","format":"standard","meta":{"om_disable_all_campaigns":false,"_joinchat":[],"footnotes":""},"categories":[48],"tags":[],"class_list":["post-11971","post","type-post","status-publish","format-standard","has-post-thumbnail","hentry","category-cronica-roja"],"_links":{"self":[{"href":"https:\/\/zaracaytv.com\/index.php?rest_route=\/wp\/v2\/posts\/11971","targetHints":{"allow":["GET"]}}],"collection":[{"href":"https:\/\/zaracaytv.com\/index.php?rest_route=\/wp\/v2\/posts"}],"about":[{"href":"https:\/\/zaracaytv.com\/index.php?rest_route=\/wp\/v2\/types\/post"}],"author":[{"embeddable":true,"href":"https:\/\/zaracaytv.com\/index.php?rest_route=\/wp\/v2\/users\/4"}],"replies":[{"embeddable":true,"href":"https:\/\/zaracaytv.com\/index.php?rest_route=%2Fwp%2Fv2%2Fcomments&post=11971"}],"version-history":[{"count":1,"href":"https:\/\/zaracaytv.com\/index.php?rest_route=\/wp\/v2\/posts\/11971\/revisions"}],"predecessor-version":[{"id":11973,"href":"https:\/\/zaracaytv.com\/index.php?rest_route=\/wp\/v2\/posts\/11971\/revisions\/11973"}],"wp:featuredmedia":[{"embeddable":true,"href":"https:\/\/zaracaytv.com\/index.php?rest_route=\/wp\/v2\/media\/11972"}],"wp:attachment":[{"href":"https:\/\/zaracaytv.com\/index.php?rest_route=%2Fwp%2Fv2%2Fmedia&parent=11971"}],"wp:term":[{"taxonomy":"category","embeddable":true,"href":"https:\/\/zaracaytv.com\/index.php?rest_route=%2Fwp%2Fv2%2Fcategories&post=11971"},{"taxonomy":"post_tag","embeddable":true,"href":"https:\/\/zaracaytv.com\/index.php?rest_route=%2Fwp%2Fv2%2Ftags&post=11971"}],"curies":[{"name":"wp","href":"https:\/\/api.w.org\/{rel}","templated":true}]}}