{"id":11968,"date":"2024-04-01T10:48:07","date_gmt":"2024-04-01T15:48:07","guid":{"rendered":"https:\/\/zaracaytv.com\/?p=11968"},"modified":"2024-04-01T10:48:07","modified_gmt":"2024-04-01T15:48:07","slug":"terminal-terrestre-sin-afluencia-durante-el-feriado-de-semana-santa","status":"publish","type":"post","link":"https:\/\/zaracaytv.com\/?p=11968","title":{"rendered":"TERMINAL TERRESTRE SIN AFLUENCIA DURANTE EL FERIADO DE SEMANA SANTA"},"content":{"rendered":"<body><p><\/p><span style=\"font-weight: 400;\"><img loading=\"lazy\" decoding=\"async\" class=\"size-medium wp-image-11969 alignleft\" src=\"https:\/\/zaracaytv.com\/wp-content\/uploads\/2024\/04\/CASI-SIN-VISITANTES-SE-MANTUVO-LA-TERMINAL-300x169.jpg\" alt=\"\" width=\"300\" height=\"169\" loading=\"lazy\" srcset=\"https:\/\/zaracaytv.com\/wp-content\/uploads\/2024\/04\/CASI-SIN-VISITANTES-SE-MANTUVO-LA-TERMINAL-300x169.jpg 300w, https:\/\/zaracaytv.com\/wp-content\/uploads\/2024\/04\/CASI-SIN-VISITANTES-SE-MANTUVO-LA-TERMINAL-1024x576.jpg 1024w, https:\/\/zaracaytv.com\/wp-content\/uploads\/2024\/04\/CASI-SIN-VISITANTES-SE-MANTUVO-LA-TERMINAL-768x432.jpg 768w, https:\/\/zaracaytv.com\/wp-content\/uploads\/2024\/04\/CASI-SIN-VISITANTES-SE-MANTUVO-LA-TERMINAL-1536x864.jpg 1536w, https:\/\/zaracaytv.com\/wp-content\/uploads\/2024\/04\/CASI-SIN-VISITANTES-SE-MANTUVO-LA-TERMINAL-570x321.jpg 570w, https:\/\/zaracaytv.com\/wp-content\/uploads\/2024\/04\/CASI-SIN-VISITANTES-SE-MANTUVO-LA-TERMINAL-270x152.jpg 270w, https:\/\/zaracaytv.com\/wp-content\/uploads\/2024\/04\/CASI-SIN-VISITANTES-SE-MANTUVO-LA-TERMINAL.jpg 1920w\" sizes=\"auto, (max-width: 300px) 100vw, 300px\" \/>Casi vac\u00eda luci\u00f3 la terminal terrestre de Santo Domingo durante los tres d\u00edas de feriado por la Semana Santa. En este lapso se movilizaron alrededor de 20 mil viajeros, una cifra menor a los registros anteriores, pues el a\u00f1o pasado la cantidad de usuarios super\u00f3 los 50 mil. Edwin Paz, supervisor de la instituci\u00f3n mencion\u00f3 que por esta situaci\u00f3n no se aumentaron las frecuencias.<\/span>\n<p><span style=\"font-weight: 400;\">Debido a la poca demanda de unidades varias ventanillas se encontraban vac\u00edas lo cual fue aprovechado por los turistas, que en su mayor\u00eda ven\u00edan desde la sierra ecuatoriana. Algunos enfatizaron que obtener un boleto fue r\u00e1pido.<\/span><\/p>\n<p><span style=\"font-weight: 400;\">Los mayores afectados con esta situaci\u00f3n han sido los transportistas, pues las unidades no se llenaron por completo de usuarios y las ventanillas permanecen casi vac\u00edas.<\/span><\/p>\n<p><span style=\"font-weight: 400;\">A los afectados se suman los comerciantes quienes mencionan que sus ventas se han disminuido hasta en un 50%. Ariana Solorzano, quien vende comidas r\u00e1pidas dentro del terminal cree que esto se debe al mal estado de las v\u00edas y la inseguridad.<\/span><\/p>\n<p><span style=\"font-weight: 400;\">A pesar de los operativos y que existe una oficina de supervisi\u00f3n en la terminal de Santo Domingo los usuarios denunciaron que el precio de los pasajes nuevamente subieron.\u00a0 A destinos como Quito la tarifa lleg\u00f3 a costar $9 seg\u00fan explicaron los viajeros.<\/span><\/p>\n<p>\u00a0<\/p>\n<p><iframe title=\"Terminal Terrestre sin afluencia durante el feriado de Semana Santa | Noticias | Zaracay TV\" width=\"800\" height=\"450\" src=\"https:\/\/www.youtube.com\/embed\/EZceuO9B9oE?feature=oembed\" frameborder=\"0\" allow=\"accelerometer; autoplay; clipboard-write; encrypted-media; gyroscope; picture-in-picture; web-share\" referrerpolicy=\"strict-origin-when-cross-origin\" allowfullscreen><\/iframe><\/p>\n<\/body>","protected":false},"excerpt":{"rendered":"<p>Casi vac\u00eda luci\u00f3 la terminal terrestre de Santo Domingo durante los tres d\u00edas de feriado por la Semana Santa. En este lapso se movilizaron alrededor de 20 mil viajeros, una cifra menor a los registros anteriores, pues el a\u00f1o pasado la cantidad de usuarios super\u00f3 los 50 mil. Edwin Paz, supervisor de la instituci\u00f3n mencion\u00f3 [&hellip;]<\/p>\n","protected":false},"author":4,"featured_media":11969,"comment_status":"closed","ping_status":"closed","sticky":false,"template":"","format":"standard","meta":{"om_disable_all_campaigns":false,"_joinchat":[],"footnotes":""},"categories":[31],"tags":[],"class_list":["post-11968","post","type-post","status-publish","format-standard","has-post-thumbnail","hentry","category-la-region"],"_links":{"self":[{"href":"https:\/\/zaracaytv.com\/index.php?rest_route=\/wp\/v2\/posts\/11968","targetHints":{"allow":["GET"]}}],"collection":[{"href":"https:\/\/zaracaytv.com\/index.php?rest_route=\/wp\/v2\/posts"}],"about":[{"href":"https:\/\/zaracaytv.com\/index.php?rest_route=\/wp\/v2\/types\/post"}],"author":[{"embeddable":true,"href":"https:\/\/zaracaytv.com\/index.php?rest_route=\/wp\/v2\/users\/4"}],"replies":[{"embeddable":true,"href":"https:\/\/zaracaytv.com\/index.php?rest_route=%2Fwp%2Fv2%2Fcomments&post=11968"}],"version-history":[{"count":1,"href":"https:\/\/zaracaytv.com\/index.php?rest_route=\/wp\/v2\/posts\/11968\/revisions"}],"predecessor-version":[{"id":11970,"href":"https:\/\/zaracaytv.com\/index.php?rest_route=\/wp\/v2\/posts\/11968\/revisions\/11970"}],"wp:featuredmedia":[{"embeddable":true,"href":"https:\/\/zaracaytv.com\/index.php?rest_route=\/wp\/v2\/media\/11969"}],"wp:attachment":[{"href":"https:\/\/zaracaytv.com\/index.php?rest_route=%2Fwp%2Fv2%2Fmedia&parent=11968"}],"wp:term":[{"taxonomy":"category","embeddable":true,"href":"https:\/\/zaracaytv.com\/index.php?rest_route=%2Fwp%2Fv2%2Fcategories&post=11968"},{"taxonomy":"post_tag","embeddable":true,"href":"https:\/\/zaracaytv.com\/index.php?rest_route=%2Fwp%2Fv2%2Ftags&post=11968"}],"curies":[{"name":"wp","href":"https:\/\/api.w.org\/{rel}","templated":true}]}}