{"id":11962,"date":"2024-04-01T10:07:12","date_gmt":"2024-04-01T15:07:12","guid":{"rendered":"https:\/\/zaracaytv.com\/?p=11962"},"modified":"2024-04-01T10:07:12","modified_gmt":"2024-04-01T15:07:12","slug":"15-muertos-por-dengue-en-el-ecuador","status":"publish","type":"post","link":"https:\/\/zaracaytv.com\/?p=11962","title":{"rendered":"15 MUERTOS POR DENGUE EN EL ECUADOR"},"content":{"rendered":"<body><p><\/p><img loading=\"lazy\" decoding=\"async\" class=\"size-medium wp-image-11963 alignleft\" src=\"https:\/\/zaracaytv.com\/wp-content\/uploads\/2024\/04\/dengue-300x168.jpg\" alt=\"\" width=\"300\" height=\"168\" loading=\"lazy\" srcset=\"https:\/\/zaracaytv.com\/wp-content\/uploads\/2024\/04\/dengue-300x168.jpg 300w, https:\/\/zaracaytv.com\/wp-content\/uploads\/2024\/04\/dengue-1024x574.jpg 1024w, https:\/\/zaracaytv.com\/wp-content\/uploads\/2024\/04\/dengue-768x430.jpg 768w, https:\/\/zaracaytv.com\/wp-content\/uploads\/2024\/04\/dengue-570x319.jpg 570w, https:\/\/zaracaytv.com\/wp-content\/uploads\/2024\/04\/dengue-270x151.jpg 270w, https:\/\/zaracaytv.com\/wp-content\/uploads\/2024\/04\/dengue.jpg 1160w\" sizes=\"auto, (max-width: 300px) 100vw, 300px\" \/>\n<p>Ecuador registra 11.492 casos de dengue, con corte al 16 de marzo 2024. As\u00ed lo confirm\u00f3 el Ministerio de Salud P\u00fablica (MSP), a trav\u00e9s de un comunicado en el que adem\u00e1s menciona que la cifra supera a la registrada en los \u00faltimos a\u00f1os.<\/p>\n<p>Santo Domingo de los Ts\u00e1chilas, Manab\u00ed, Los R\u00edos, El Oro, y Guayas, son las provincias m\u00e1s afectadas por esta enfermedad, seg\u00fan los monitoreos activos realizados en las primeras 11 semanas del a\u00f1o.<\/p>\n<p>\u201cA la fecha, 15 personas han fallecido, seis adultos y nueve ni\u00f1os. El deceso ocurri\u00f3 en promedio a los cuatro d\u00edas de haber presentado s\u00edntomas\u201d, resumi\u00f3 el MSP en el bolet\u00edn emitido, respecto de la proliferaci\u00f3n del dengue.<\/p>\n<p>As\u00ed mismo, el Instituto Nacional de Investigaci\u00f3n en Salud P\u00fablica (INSPI), identific\u00f3 que en el pa\u00eds circulan los tres serotipos del virus: DENV-1, DENV-2 y DENV-3.<\/p>\n<p>\u201cDe este \u00faltimo (DENV-3) no se hab\u00eda detectado antes en Ecuador; sin embargo, existen casos en Esmeraldas y Cotopaxi\u201d, a\u00f1ade. Se menciona tambi\u00e9n que Manab\u00ed registra la velocidad de contagios m\u00e1s alta a nivel de pa\u00eds.<small><br>\n<\/small><\/p>\n<p><strong>Respuesta del MSP Ante el dengue<\/strong><\/p>\n<p>Para enfrentar la proliferaci\u00f3n del virus, el MSP anunci\u00f3 la capacitaci\u00f3n al personal de salud para fortalecer la identificaci\u00f3n y manejo de casos de dengue.<\/p>\n<p>Tambi\u00e9n se realiza un control vectorial para la eliminar los criaderos de mosquitos, as\u00ed como la toma de muestras en pacientes confirmados para realizar estudios de serotipificaci\u00f3n y genotipificaci\u00f3n.<\/p>\n<p>Recomiendan a la poblaci\u00f3n evitar la acumulaci\u00f3n de agua estancada, lugar en los cuales el mosquito Aedes Aegypti se reproduce. Eliminar los criaderos de mosquitos que suelen permanecer en llantas, botellas y macetas.<\/p>\n<p>Finalmente, la recomendaci\u00f3n es que la poblaci\u00f3n no se automedique si identifica s\u00edntomas como fiebre, dolor de cabeza, erupciones en la piel y dolor muscular.<\/p>\n<p>\u00a0<\/p>\n<\/body>","protected":false},"excerpt":{"rendered":"<p>Ecuador registra 11.492 casos de dengue, con corte al 16 de marzo 2024. As\u00ed lo confirm\u00f3 el Ministerio de Salud P\u00fablica (MSP), a trav\u00e9s de un comunicado en el que adem\u00e1s menciona que la cifra supera a la registrada en los \u00faltimos a\u00f1os. Santo Domingo de los Ts\u00e1chilas, Manab\u00ed, Los R\u00edos, El Oro, y Guayas, [&hellip;]<\/p>\n","protected":false},"author":4,"featured_media":11964,"comment_status":"closed","ping_status":"closed","sticky":false,"template":"","format":"standard","meta":{"om_disable_all_campaigns":false,"_joinchat":[],"footnotes":""},"categories":[30],"tags":[],"class_list":["post-11962","post","type-post","status-publish","format-standard","has-post-thumbnail","hentry","category-el-pais"],"_links":{"self":[{"href":"https:\/\/zaracaytv.com\/index.php?rest_route=\/wp\/v2\/posts\/11962","targetHints":{"allow":["GET"]}}],"collection":[{"href":"https:\/\/zaracaytv.com\/index.php?rest_route=\/wp\/v2\/posts"}],"about":[{"href":"https:\/\/zaracaytv.com\/index.php?rest_route=\/wp\/v2\/types\/post"}],"author":[{"embeddable":true,"href":"https:\/\/zaracaytv.com\/index.php?rest_route=\/wp\/v2\/users\/4"}],"replies":[{"embeddable":true,"href":"https:\/\/zaracaytv.com\/index.php?rest_route=%2Fwp%2Fv2%2Fcomments&post=11962"}],"version-history":[{"count":1,"href":"https:\/\/zaracaytv.com\/index.php?rest_route=\/wp\/v2\/posts\/11962\/revisions"}],"predecessor-version":[{"id":11965,"href":"https:\/\/zaracaytv.com\/index.php?rest_route=\/wp\/v2\/posts\/11962\/revisions\/11965"}],"wp:featuredmedia":[{"embeddable":true,"href":"https:\/\/zaracaytv.com\/index.php?rest_route=\/wp\/v2\/media\/11964"}],"wp:attachment":[{"href":"https:\/\/zaracaytv.com\/index.php?rest_route=%2Fwp%2Fv2%2Fmedia&parent=11962"}],"wp:term":[{"taxonomy":"category","embeddable":true,"href":"https:\/\/zaracaytv.com\/index.php?rest_route=%2Fwp%2Fv2%2Fcategories&post=11962"},{"taxonomy":"post_tag","embeddable":true,"href":"https:\/\/zaracaytv.com\/index.php?rest_route=%2Fwp%2Fv2%2Ftags&post=11962"}],"curies":[{"name":"wp","href":"https:\/\/api.w.org\/{rel}","templated":true}]}}