{"id":11961,"date":"2024-04-01T10:42:39","date_gmt":"2024-04-01T15:42:39","guid":{"rendered":"https:\/\/zaracaytv.com\/?p=11961"},"modified":"2024-04-01T10:42:39","modified_gmt":"2024-04-01T15:42:39","slug":"expo-car-2024-se-desarrollo-en-el-parque-jelen-tenka","status":"publish","type":"post","link":"https:\/\/zaracaytv.com\/?p=11961","title":{"rendered":"EXPO CAR 2024 SE DESARROLL\u00d3 EN EL PARQUE JELEN TENKA"},"content":{"rendered":"<body><p><\/p><span style=\"font-weight: 400;\"><img loading=\"lazy\" decoding=\"async\" class=\"size-medium wp-image-11966 alignleft\" src=\"https:\/\/zaracaytv.com\/wp-content\/uploads\/2024\/04\/EXPO-CAR-2024-EN-JELEN-TENKA-300x169.jpg\" alt=\"\" width=\"300\" height=\"169\" loading=\"lazy\" srcset=\"https:\/\/zaracaytv.com\/wp-content\/uploads\/2024\/04\/EXPO-CAR-2024-EN-JELEN-TENKA-300x169.jpg 300w, https:\/\/zaracaytv.com\/wp-content\/uploads\/2024\/04\/EXPO-CAR-2024-EN-JELEN-TENKA-1024x576.jpg 1024w, https:\/\/zaracaytv.com\/wp-content\/uploads\/2024\/04\/EXPO-CAR-2024-EN-JELEN-TENKA-768x432.jpg 768w, https:\/\/zaracaytv.com\/wp-content\/uploads\/2024\/04\/EXPO-CAR-2024-EN-JELEN-TENKA-1536x864.jpg 1536w, https:\/\/zaracaytv.com\/wp-content\/uploads\/2024\/04\/EXPO-CAR-2024-EN-JELEN-TENKA-570x321.jpg 570w, https:\/\/zaracaytv.com\/wp-content\/uploads\/2024\/04\/EXPO-CAR-2024-EN-JELEN-TENKA-270x152.jpg 270w, https:\/\/zaracaytv.com\/wp-content\/uploads\/2024\/04\/EXPO-CAR-2024-EN-JELEN-TENKA.jpg 1920w\" sizes=\"auto, (max-width: 300px) 100vw, 300px\" \/>A m\u00e1xima velocidad se vivi\u00f3 la Expo Car 2024. Los motores m\u00e1s potentes del Ecuador hicieron retumbar el pavimento de la calle Rodrigo Le\u00f3n Pesantez. Las emociones se disfrutaron al extremo con los piques de un octavo de milla. Los pilotos que participaron del evento mencionaron como se prepararon para este reto.<\/span>\n<p><span style=\"font-weight: 400;\">Este evento dio pie al lanzamiento de la Asociaci\u00f3n de deportes extremos de Santo Domingo conformada por 14 clubes del cant\u00f3n. Es la primera vez que surge una agrupaci\u00f3n como esta en el pa\u00eds explic\u00f3 Erney Angulo, organizador del evento.<\/span><\/p>\n<p><span style=\"font-weight: 400;\">Durante el evento se presentaron varios veh\u00edculos modificados que fueron parte del campeonato de audios, luces y cabezales. Adem\u00e1s, de realizarse la elecci\u00f3n de la reina, donde Selena Orellana fue elegida y coronada.\u00a0<\/span><\/p>\n<p><span style=\"font-weight: 400;\">Varios ciudadanos disfrutaron del evento grabando y tom\u00e1ndose fotos con su veh\u00edculos preferidos.<\/span><\/p>\n<p><span style=\"font-weight: 400;\">Este es el primer evento de gran magnitud que se realiza en Santo Domingo y que se desarrollar\u00e1 anualmente seg\u00fan anunciaron sus organizadores. Sin duda la adrenalina y resonar de los motores seguir\u00e1 cautivando a los amantes de lo extremo.<\/span><\/p>\n<p>\u00a0<\/p>\n<p><iframe title=\"EXPO CAR 2024 SE DESARROLL\u00d3 EN EL PARQUE JELEN TENKA | Noticias | Zaracay TV\" width=\"800\" height=\"450\" src=\"https:\/\/www.youtube.com\/embed\/psQ7N1VR2pI?feature=oembed\" frameborder=\"0\" allow=\"accelerometer; autoplay; clipboard-write; encrypted-media; gyroscope; picture-in-picture; web-share\" referrerpolicy=\"strict-origin-when-cross-origin\" allowfullscreen><\/iframe><\/p>\n<\/body>","protected":false},"excerpt":{"rendered":"<p>A m\u00e1xima velocidad se vivi\u00f3 la Expo Car 2024. Los motores m\u00e1s potentes del Ecuador hicieron retumbar el pavimento de la calle Rodrigo Le\u00f3n Pesantez. Las emociones se disfrutaron al extremo con los piques de un octavo de milla. Los pilotos que participaron del evento mencionaron como se prepararon para este reto. Este evento dio [&hellip;]<\/p>\n","protected":false},"author":4,"featured_media":11966,"comment_status":"closed","ping_status":"closed","sticky":false,"template":"","format":"standard","meta":{"om_disable_all_campaigns":false,"_joinchat":[],"footnotes":""},"categories":[31],"tags":[],"class_list":["post-11961","post","type-post","status-publish","format-standard","has-post-thumbnail","hentry","category-la-region"],"_links":{"self":[{"href":"https:\/\/zaracaytv.com\/index.php?rest_route=\/wp\/v2\/posts\/11961","targetHints":{"allow":["GET"]}}],"collection":[{"href":"https:\/\/zaracaytv.com\/index.php?rest_route=\/wp\/v2\/posts"}],"about":[{"href":"https:\/\/zaracaytv.com\/index.php?rest_route=\/wp\/v2\/types\/post"}],"author":[{"embeddable":true,"href":"https:\/\/zaracaytv.com\/index.php?rest_route=\/wp\/v2\/users\/4"}],"replies":[{"embeddable":true,"href":"https:\/\/zaracaytv.com\/index.php?rest_route=%2Fwp%2Fv2%2Fcomments&post=11961"}],"version-history":[{"count":1,"href":"https:\/\/zaracaytv.com\/index.php?rest_route=\/wp\/v2\/posts\/11961\/revisions"}],"predecessor-version":[{"id":11967,"href":"https:\/\/zaracaytv.com\/index.php?rest_route=\/wp\/v2\/posts\/11961\/revisions\/11967"}],"wp:featuredmedia":[{"embeddable":true,"href":"https:\/\/zaracaytv.com\/index.php?rest_route=\/wp\/v2\/media\/11966"}],"wp:attachment":[{"href":"https:\/\/zaracaytv.com\/index.php?rest_route=%2Fwp%2Fv2%2Fmedia&parent=11961"}],"wp:term":[{"taxonomy":"category","embeddable":true,"href":"https:\/\/zaracaytv.com\/index.php?rest_route=%2Fwp%2Fv2%2Fcategories&post=11961"},{"taxonomy":"post_tag","embeddable":true,"href":"https:\/\/zaracaytv.com\/index.php?rest_route=%2Fwp%2Fv2%2Ftags&post=11961"}],"curies":[{"name":"wp","href":"https:\/\/api.w.org\/{rel}","templated":true}]}}