{"id":10911,"date":"2024-01-25T11:33:30","date_gmt":"2024-01-25T16:33:30","guid":{"rendered":"https:\/\/zaracaytv.com\/?p=10911"},"modified":"2024-01-25T11:33:30","modified_gmt":"2024-01-25T16:33:30","slug":"militares-policias-y-bomberos-se-capacitan","status":"publish","type":"post","link":"https:\/\/zaracaytv.com\/?p=10911","title":{"rendered":"MILITARES, POLIC\u00cdAS Y BOMBEROS SE CAPACITAN"},"content":{"rendered":"<body><p><\/p><img loading=\"lazy\" decoding=\"async\" class=\"size-medium wp-image-10913 alignleft\" src=\"https:\/\/zaracaytv.com\/wp-content\/uploads\/2024\/01\/capacitacion-2-300x225.jpg\" alt=\"\" width=\"300\" height=\"225\" loading=\"lazy\" srcset=\"https:\/\/zaracaytv.com\/wp-content\/uploads\/2024\/01\/capacitacion-2-300x225.jpg 300w, https:\/\/zaracaytv.com\/wp-content\/uploads\/2024\/01\/capacitacion-2-1024x768.jpg 1024w, https:\/\/zaracaytv.com\/wp-content\/uploads\/2024\/01\/capacitacion-2-768x576.jpg 768w, https:\/\/zaracaytv.com\/wp-content\/uploads\/2024\/01\/capacitacion-2-440x330.jpg 440w, https:\/\/zaracaytv.com\/wp-content\/uploads\/2024\/01\/capacitacion-2-240x180.jpg 240w, https:\/\/zaracaytv.com\/wp-content\/uploads\/2024\/01\/capacitacion-2.jpg 1440w\" sizes=\"auto, (max-width: 300px) 100vw, 300px\" \/>\n<p>Bomberos, militares y polic\u00edas participaron de una jornada de capacitaci\u00f3n en materia de atenci\u00f3n prehospitalaria y atenci\u00f3n integral frente a escenarios de hostilidad. As\u00ed los uniformados sabr\u00e1n c\u00f3mo reaccionar en medio de situaciones adversas que puedan registrarse a prop\u00f3sito del conflicto armado en el Ecuador. Mart\u00edn Espinosa, CEO de Tactical Team Rescue, explic\u00f3 que se trata de una serie de t\u00e9cnicas americanas, europeas e israel\u00edes que se pusieron en pr\u00e1ctica.<\/p>\n<p>Hugo Parra, jefe del Cuerpo de Bomberos de Santo Domingo, explic\u00f3 que en cada atenci\u00f3n se pone en riesgo la integridad del personal de emergencias, lo que requiere de una constante actualizaci\u00f3n de protocolos. En esta actividad tambi\u00e9n participaron otros organismos de rescate de los cantones que forman parte de la mancomunidad.<\/p>\n<p>El grupo G3 de la Polic\u00eda Nacional fue el que se capacit\u00f3 en esta ocasi\u00f3n, se\u00f1alan que se fortaleci\u00f3 la atenci\u00f3n de sucesos en caso de registrarse actividades y saber c\u00f3mo reaccionar en relaci\u00f3n a proteger la vida en medio del hecho. Adem\u00e1s participaron militares quienes tambi\u00e9n culminaron la capacitaci\u00f3n. Se espera que a lo largo de este 2024 se generen m\u00e1s jornadas parecidas con apoyo de instituciones internacionales.<\/p>\n<p><iframe title=\"Militares, polic\u00eda y bomberos actualizaron protocolos de respuesta | Noticias | Zaracay TV\" width=\"800\" height=\"450\" src=\"https:\/\/www.youtube.com\/embed\/30QLTZdRulw?feature=oembed\" frameborder=\"0\" allow=\"accelerometer; autoplay; clipboard-write; encrypted-media; gyroscope; picture-in-picture; web-share\" allowfullscreen><\/iframe><\/p>\n<p>\u00a0<\/p>\n<\/body>","protected":false},"excerpt":{"rendered":"<p>Bomberos, militares y polic\u00edas participaron de una jornada de capacitaci\u00f3n en materia de atenci\u00f3n prehospitalaria y atenci\u00f3n integral frente a escenarios de hostilidad. As\u00ed los uniformados sabr\u00e1n c\u00f3mo reaccionar en medio de situaciones adversas que puedan registrarse a prop\u00f3sito del conflicto armado en el Ecuador. Mart\u00edn Espinosa, CEO de Tactical Team Rescue, explic\u00f3 que se [&hellip;]<\/p>\n","protected":false},"author":4,"featured_media":10915,"comment_status":"closed","ping_status":"closed","sticky":false,"template":"","format":"standard","meta":{"om_disable_all_campaigns":false,"_joinchat":[],"footnotes":""},"categories":[31],"tags":[],"class_list":["post-10911","post","type-post","status-publish","format-standard","has-post-thumbnail","hentry","category-la-region"],"_links":{"self":[{"href":"https:\/\/zaracaytv.com\/index.php?rest_route=\/wp\/v2\/posts\/10911","targetHints":{"allow":["GET"]}}],"collection":[{"href":"https:\/\/zaracaytv.com\/index.php?rest_route=\/wp\/v2\/posts"}],"about":[{"href":"https:\/\/zaracaytv.com\/index.php?rest_route=\/wp\/v2\/types\/post"}],"author":[{"embeddable":true,"href":"https:\/\/zaracaytv.com\/index.php?rest_route=\/wp\/v2\/users\/4"}],"replies":[{"embeddable":true,"href":"https:\/\/zaracaytv.com\/index.php?rest_route=%2Fwp%2Fv2%2Fcomments&post=10911"}],"version-history":[{"count":1,"href":"https:\/\/zaracaytv.com\/index.php?rest_route=\/wp\/v2\/posts\/10911\/revisions"}],"predecessor-version":[{"id":10916,"href":"https:\/\/zaracaytv.com\/index.php?rest_route=\/wp\/v2\/posts\/10911\/revisions\/10916"}],"wp:featuredmedia":[{"embeddable":true,"href":"https:\/\/zaracaytv.com\/index.php?rest_route=\/wp\/v2\/media\/10915"}],"wp:attachment":[{"href":"https:\/\/zaracaytv.com\/index.php?rest_route=%2Fwp%2Fv2%2Fmedia&parent=10911"}],"wp:term":[{"taxonomy":"category","embeddable":true,"href":"https:\/\/zaracaytv.com\/index.php?rest_route=%2Fwp%2Fv2%2Fcategories&post=10911"},{"taxonomy":"post_tag","embeddable":true,"href":"https:\/\/zaracaytv.com\/index.php?rest_route=%2Fwp%2Fv2%2Ftags&post=10911"}],"curies":[{"name":"wp","href":"https:\/\/api.w.org\/{rel}","templated":true}]}}